{"id":377,"date":"2021-03-29T09:41:53","date_gmt":"2021-03-29T07:41:53","guid":{"rendered":"https:\/\/cabinet-jpt.com\/BLOG\/?p=377"},"modified":"2021-03-29T09:41:57","modified_gmt":"2021-03-29T07:41:57","slug":"action-sociale","status":"publish","type":"post","link":"https:\/\/cabinet-jpt.com\/BLOG\/?p=377","title":{"rendered":"ACTION SOCIALE, GESTION ET DIRECTION"},"content":{"rendered":"\n<p><\/p>\n\n\n\n<p>\u00ab&nbsp;L\u2019action&nbsp;<a href=\"https:\/\/fr.wikipedia.org\/wiki\/Social\">sociale<\/a>&nbsp;d\u00e9signe l&rsquo;ensemble des moyens par lesquels une&nbsp;<a href=\"https:\/\/fr.wikipedia.org\/wiki\/Soci%C3%A9t%C3%A9_(sociologie)\">soci\u00e9t\u00e9<\/a>&nbsp;agit sur elle-m\u00eame pour pr\u00e9server sa&nbsp;<a href=\"https:\/\/fr.wikipedia.org\/wiki\/Coh%C3%A9sion_sociale\">coh\u00e9sion<\/a>, notamment par des dispositifs&nbsp;<a href=\"https:\/\/fr.wikipedia.org\/wiki\/Loi\">l\u00e9gislatifs<\/a>&nbsp;ou r\u00e9glementaires et par des actions visant \u00e0 aider les personnes ou les groupes les plus fragiles \u00e0 mieux vivre, \u00e0 acqu\u00e9rir ou \u00e0 pr\u00e9server leur autonomie et \u00e0 s\u2019adapter au milieu social environnant&nbsp;\u00bb<a href=\"#_ftn1\">[1]<\/a>.<\/p>\n\n\n\n<p>En France, l\u2019action sociale est encadr\u00e9e par la loi 2002-2 qui en d\u00e9finit les diff\u00e9rents champs d\u2019intervention, les publics vis\u00e9s ainsi que les prestations qui leur sont allou\u00e9es. Ces prestations vont de l\u2019allocation financi\u00e8re, \u00e0 l\u2019intervention \u00e0 domicile jusqu\u2019\u00e0 l\u2019h\u00e9bergement. Les personnes concern\u00e9es sont consid\u00e9r\u00e9es comme vuln\u00e9rables. Il s\u2019agit de personnes en situation d\u2019handicap, de personnes \u00e2g\u00e9es, de personnes en pr\u00e9carit\u00e9 sociale, d\u2019\u00e9trangers en situation irr\u00e9guli\u00e8re et d\u2019enfants mineurs relevant de la protection de l\u2019enfance.<\/p>\n\n\n\n<p>Historiquement la politique \u00ab&nbsp;assistancielle&nbsp;\u00bb a d\u2019abord relev\u00e9 d\u2019initiatives philanthropiques, \u00e0 forte connotation religieuse. A partir de 1950, le secteur social a commenc\u00e9 \u00e0 se structurer afin de r\u00e9pondre aux besoins sociaux. &nbsp;Dans le cadre de cette structuration, les associations (type loi 1901) ont jou\u00e9 un r\u00f4le pr\u00e9pond\u00e9rant car elles ont invent\u00e9 des types d\u2019\u00e9tablissements r\u00e9pondant aux besoins des enfants handicap\u00e9s, par exemple. Force de proposition, elles sont devenues un acteur incontournable de l\u2019action sociale. Ainsi elles se sont vues confier par l\u2019Etat ou les collectivit\u00e9s territoriales, la mise en \u0153uvre de missions relevant des politiques publiques.<\/p>\n\n\n\n<p>L\u2019action sociale doit donc allier deux logiques, l\u2019une ascendante associative force de proposition pour r\u00e9pondre aux probl\u00e9matiques sociales, l\u2019autre descendante politique &#8211; administrative qui intervient au nom de la collectivit\u00e9 dans un souci de rationalit\u00e9 globale.<\/p>\n\n\n\n<p>En cons\u00e9quence, \u00ab&nbsp;L\u2019association est la m\u00e9diation par laquelle les difficult\u00e9s sociales (indigence, handicap, inadaptation, exclusion&#8230;) qui sont d\u2019abord des probl\u00e8mes v\u00e9cus dans l\u2019espace priv\u00e9, acc\u00e8dent \u00e0 l\u2019espace collectif pour y faire l\u2019objet d\u2019une construction commune et par l\u00e0 d\u2019une appr\u00e9hension collective possible&nbsp;\u00bb.<a href=\"#_ftn2\">[2]<\/a><\/p>\n\n\n\n<p>L\u2019association se d\u00e9cline par un organisme gestionnaire, le plus souvent un conseil d\u2019administration qui g\u00e8re des activit\u00e9s \u00e0 travers des \u00e9tablissements et des services qui sont soumis \u00e0 un contr\u00f4le public.<\/p>\n\n\n\n<p>Par d\u00e9l\u00e9gation, elle confie la gestion de ces \u00e9tablissements et services \u00e0 des dirigeants salari\u00e9s (directeurs g\u00e9n\u00e9raux, directeurs et cadres de direction). Le directeur est confront\u00e9 \u00e0 une certaine complexit\u00e9. Il met en coh\u00e9rence les ressources humaines, financi\u00e8res, logistiques de l\u2019organisation au service d\u2019un projet d\u2019accompagnement pour les personnes qui lui sont confi\u00e9es. La dimension du soin et du prendre soin de ces personnes est au centre de ses pr\u00e9occupations.<\/p>\n\n\n\n<p>Il doit \u00e9galement d\u00e9velopper une vision de d\u00e9veloppement, en anticipant sur les futurs besoins et en innovant sur les r\u00e9ponses \u00e0 apporter. Il est invit\u00e9 \u00ab&nbsp;\u00e0 se positionner comme strat\u00e8ge et comme entrepreneur&nbsp;\u00bb<a href=\"#_ftn3\">[3]<\/a>.<\/p>\n\n\n\n<p>Le directeur fait face aux mutations du secteur, li\u00e9es, aux changements initi\u00e9s par le droit, le cadre l\u00e9gislatif provoquant de nouvelles r\u00e8gles, aux changements n\u00e9cessaires dans les organisations (d\u00e9marche qualit\u00e9, rationalisation des couts, fusion absorption, coop\u00e9ration&#8230;) et \u00e0 l\u2019adaptation des pratiques li\u00e9e \u00e0 la pand\u00e9mie de la Covid 19.<\/p>\n\n\n\n<p>Le directeur est donc un \u00e9quilibriste qui slalome entre stabilit\u00e9 et crise, entre \u00e9thique et morale, entre action et responsabilit\u00e9. Cette position l\u2019oblige \u00e0 \u00eatre dans un d\u00e9s\u00e9quilibre dynamique permanent.<\/p>\n\n\n\n<p>Nous verrons prochainement comment un coaching personnel et strat\u00e9gique peut accompagner efficacement le directeur dans sa prise de d\u00e9cision, au regard de la complexit\u00e9 de sa fonction.<\/p>\n\n\n\n<p>Anne Challies<\/p>\n\n\n\n<p><em>Nb. Cet article introduit le M\u00e9moire de Master \u00ab\u00a0Coach consultant\u00a0\u00bb de Anne CHALLIES intitul\u00e9 \u00ab\u00a0LE COACHING AU BENEFICE DU DIRIGEANT D\u2019ACTION SOCIAL DANS SA PRISE DE DECISION\u00a0\u00bb\u00a0\u00a0\u00a0\u00a0 Nous en publierons d\u2019autres extraits prochainement<\/em>.<\/p>\n\n\n\n<hr class=\"wp-block-separator\"\/>\n\n\n\n<p><a href=\"#_ftnref1\">[1]<\/a> D\u00e9finition Wikip\u00e9dia<\/p>\n\n\n\n<p><a href=\"#_ftnref2\">[2]<\/a> Page 25, Lafore, R. (2011) Chapitre 1 \u00ab&nbsp;L\u2019association, simple op\u00e9rateur des pouvoirs publics&nbsp;?&nbsp;\u00bb. In Manuel de direction en action sociale et m\u00e9dico-sociale sous la direction de F. Batifoulier. Ed. Dunod.<\/p>\n\n\n\n<p><a href=\"#_ftnref3\">[3]<\/a> Ibid p295 (Fran\u00e7ois Noble)<\/p>\n","protected":false},"excerpt":{"rendered":"<p>\u00ab&nbsp;L\u2019action&nbsp;sociale&nbsp;d\u00e9signe l&rsquo;ensemble des moyens par lesquels une&nbsp;soci\u00e9t\u00e9&nbsp;agit sur elle-m\u00eame pour pr\u00e9server sa&nbsp;coh\u00e9sion, notamment par des dispositifs&nbsp;l\u00e9gislatifs&nbsp;ou r\u00e9glementaires et par des actions visant \u00e0 aider les personnes ou les groupes les plus fragiles \u00e0 mieux vivre, \u00e0 acqu\u00e9rir ou \u00e0 pr\u00e9server leur autonomie et \u00e0 s\u2019adapter au milieu social environnant&nbsp;\u00bb[1]. En France, l\u2019action sociale est encadr\u00e9e [&hellip;]<\/p>\n","protected":false},"author":1,"featured_media":379,"comment_status":"open","ping_status":"open","sticky":false,"template":"","format":"standard","meta":{"_jetpack_memberships_contains_paid_content":false,"footnotes":"","jetpack_publicize_message":"","jetpack_publicize_feature_enabled":true,"jetpack_social_post_already_shared":true,"jetpack_social_options":{"image_generator_settings":{"template":"highway","default_image_id":0,"font":"","enabled":false},"version":2}},"categories":[7],"tags":[],"class_list":["post-377","post","type-post","status-publish","format-standard","has-post-thumbnail","hentry","category-coaching"],"yoast_head":"<!-- This site is optimized with the Yoast SEO plugin v27.2 - https:\/\/yoast.com\/product\/yoast-seo-wordpress\/ -->\n<title>ACTION SOCIALE, GESTION ET DIRECTION - BLOG<\/title>\n<meta name=\"description\" content=\"L\u2019action sociale d\u00e9signe l&#039;ensemble des moyens visant \u00e0 aider les personnes ou les groupes les plus fragiles mis en place par une soci\u00e9t\u00e9\" \/>\n<meta name=\"robots\" content=\"index, follow, max-snippet:-1, max-image-preview:large, max-video-preview:-1\" \/>\n<link rel=\"canonical\" href=\"https:\/\/cabinet-jpt.com\/BLOG\/?p=377\" \/>\n<meta property=\"og:locale\" content=\"fr_FR\" \/>\n<meta property=\"og:type\" content=\"article\" \/>\n<meta property=\"og:title\" content=\"ACTION SOCIALE, GESTION ET DIRECTION - BLOG\" \/>\n<meta property=\"og:description\" content=\"L\u2019action sociale d\u00e9signe l&#039;ensemble des moyens visant \u00e0 aider les personnes ou les groupes les plus fragiles mis en place par une soci\u00e9t\u00e9\" \/>\n<meta property=\"og:url\" content=\"https:\/\/cabinet-jpt.com\/BLOG\/?p=377\" \/>\n<meta property=\"og:site_name\" content=\"BLOG\" \/>\n<meta property=\"article:publisher\" content=\"https:\/\/www.facebook.com\/CabinetJPTconsultants\" \/>\n<meta property=\"article:published_time\" content=\"2021-03-29T07:41:53+00:00\" \/>\n<meta property=\"article:modified_time\" content=\"2021-03-29T07:41:57+00:00\" \/>\n<meta property=\"og:image\" content=\"https:\/\/cabinet-jpt.com\/BLOG\/wp-content\/uploads\/2021\/03\/asociale-1.jpg\" \/>\n\t<meta property=\"og:image:width\" content=\"1291\" \/>\n\t<meta property=\"og:image:height\" content=\"861\" \/>\n\t<meta property=\"og:image:type\" content=\"image\/jpeg\" \/>\n<meta name=\"author\" content=\"blogjpt\" \/>\n<meta name=\"twitter:card\" content=\"summary_large_image\" \/>\n<meta name=\"twitter:creator\" content=\"@JeanToutut\" \/>\n<meta name=\"twitter:site\" content=\"@JeanToutut\" \/>\n<meta name=\"twitter:label1\" content=\"\u00c9crit par\" \/>\n\t<meta name=\"twitter:data1\" content=\"blogjpt\" \/>\n\t<meta name=\"twitter:label2\" content=\"Dur\u00e9e de lecture estim\u00e9e\" \/>\n\t<meta name=\"twitter:data2\" content=\"3 minutes\" \/>\n<script type=\"application\/ld+json\" class=\"yoast-schema-graph\">{\"@context\":\"https:\/\/schema.org\",\"@graph\":[{\"@type\":\"NewsArticle\",\"@id\":\"https:\/\/cabinet-jpt.com\/BLOG\/?p=377#article\",\"isPartOf\":{\"@id\":\"https:\/\/cabinet-jpt.com\/BLOG\/?p=377\"},\"author\":{\"name\":\"blogjpt\",\"@id\":\"https:\/\/cabinet-jpt.com\/BLOG\/#\/schema\/person\/ecde2d3555cc43b2de221bf9a98862c8\"},\"headline\":\"ACTION SOCIALE, GESTION ET DIRECTION\",\"datePublished\":\"2021-03-29T07:41:53+00:00\",\"dateModified\":\"2021-03-29T07:41:57+00:00\",\"mainEntityOfPage\":{\"@id\":\"https:\/\/cabinet-jpt.com\/BLOG\/?p=377\"},\"wordCount\":729,\"commentCount\":0,\"publisher\":{\"@id\":\"https:\/\/cabinet-jpt.com\/BLOG\/#organization\"},\"image\":{\"@id\":\"https:\/\/cabinet-jpt.com\/BLOG\/?p=377#primaryimage\"},\"thumbnailUrl\":\"https:\/\/cabinet-jpt.com\/BLOG\/wp-content\/uploads\/2021\/03\/asociale-1.jpg\",\"articleSection\":[\"Coaching\"],\"inLanguage\":\"fr-FR\",\"potentialAction\":[{\"@type\":\"CommentAction\",\"name\":\"Comment\",\"target\":[\"https:\/\/cabinet-jpt.com\/BLOG\/?p=377#respond\"]}]},{\"@type\":\"WebPage\",\"@id\":\"https:\/\/cabinet-jpt.com\/BLOG\/?p=377\",\"url\":\"https:\/\/cabinet-jpt.com\/BLOG\/?p=377\",\"name\":\"ACTION SOCIALE, GESTION ET DIRECTION - BLOG\",\"isPartOf\":{\"@id\":\"https:\/\/cabinet-jpt.com\/BLOG\/#website\"},\"primaryImageOfPage\":{\"@id\":\"https:\/\/cabinet-jpt.com\/BLOG\/?p=377#primaryimage\"},\"image\":{\"@id\":\"https:\/\/cabinet-jpt.com\/BLOG\/?p=377#primaryimage\"},\"thumbnailUrl\":\"https:\/\/cabinet-jpt.com\/BLOG\/wp-content\/uploads\/2021\/03\/asociale-1.jpg\",\"datePublished\":\"2021-03-29T07:41:53+00:00\",\"dateModified\":\"2021-03-29T07:41:57+00:00\",\"description\":\"L\u2019action sociale d\u00e9signe l'ensemble des moyens visant \u00e0 aider les personnes ou les groupes les plus fragiles mis en place par une soci\u00e9t\u00e9\",\"breadcrumb\":{\"@id\":\"https:\/\/cabinet-jpt.com\/BLOG\/?p=377#breadcrumb\"},\"inLanguage\":\"fr-FR\",\"potentialAction\":[{\"@type\":\"ReadAction\",\"target\":[\"https:\/\/cabinet-jpt.com\/BLOG\/?p=377\"]}]},{\"@type\":\"ImageObject\",\"inLanguage\":\"fr-FR\",\"@id\":\"https:\/\/cabinet-jpt.com\/BLOG\/?p=377#primaryimage\",\"url\":\"https:\/\/cabinet-jpt.com\/BLOG\/wp-content\/uploads\/2021\/03\/asociale-1.jpg\",\"contentUrl\":\"https:\/\/cabinet-jpt.com\/BLOG\/wp-content\/uploads\/2021\/03\/asociale-1.jpg\",\"width\":1291,\"height\":861,\"caption\":\"Action Sociale\"},{\"@type\":\"BreadcrumbList\",\"@id\":\"https:\/\/cabinet-jpt.com\/BLOG\/?p=377#breadcrumb\",\"itemListElement\":[{\"@type\":\"ListItem\",\"position\":1,\"name\":\"Accueil\",\"item\":\"https:\/\/cabinet-jpt.com\/BLOG\"},{\"@type\":\"ListItem\",\"position\":2,\"name\":\"ACTION SOCIALE, GESTION ET DIRECTION\"}]},{\"@type\":\"WebSite\",\"@id\":\"https:\/\/cabinet-jpt.com\/BLOG\/#website\",\"url\":\"https:\/\/cabinet-jpt.com\/BLOG\/\",\"name\":\"BLOG\",\"description\":\"\",\"publisher\":{\"@id\":\"https:\/\/cabinet-jpt.com\/BLOG\/#organization\"},\"potentialAction\":[{\"@type\":\"SearchAction\",\"target\":{\"@type\":\"EntryPoint\",\"urlTemplate\":\"https:\/\/cabinet-jpt.com\/BLOG\/?s={search_term_string}\"},\"query-input\":{\"@type\":\"PropertyValueSpecification\",\"valueRequired\":true,\"valueName\":\"search_term_string\"}}],\"inLanguage\":\"fr-FR\"},{\"@type\":\"Organization\",\"@id\":\"https:\/\/cabinet-jpt.com\/BLOG\/#organization\",\"name\":\"Cabinet Jean-Philippe Toutut Consultants\",\"url\":\"https:\/\/cabinet-jpt.com\/BLOG\/\",\"logo\":{\"@type\":\"ImageObject\",\"inLanguage\":\"fr-FR\",\"@id\":\"https:\/\/cabinet-jpt.com\/BLOG\/#\/schema\/logo\/image\/\",\"url\":\"https:\/\/cabinet-jpt.com\/BLOG\/wp-content\/uploads\/2019\/10\/LogoJp-e1533578331213.png\",\"contentUrl\":\"https:\/\/cabinet-jpt.com\/BLOG\/wp-content\/uploads\/2019\/10\/LogoJp-e1533578331213.png\",\"width\":156,\"height\":140,\"caption\":\"Cabinet Jean-Philippe Toutut Consultants\"},\"image\":{\"@id\":\"https:\/\/cabinet-jpt.com\/BLOG\/#\/schema\/logo\/image\/\"},\"sameAs\":[\"https:\/\/www.facebook.com\/CabinetJPTconsultants\",\"https:\/\/x.com\/JeanToutut\",\"https:\/\/www.pinterest.es\/CabinetJPTC\"]},{\"@type\":\"Person\",\"@id\":\"https:\/\/cabinet-jpt.com\/BLOG\/#\/schema\/person\/ecde2d3555cc43b2de221bf9a98862c8\",\"name\":\"blogjpt\",\"image\":{\"@type\":\"ImageObject\",\"inLanguage\":\"fr-FR\",\"@id\":\"https:\/\/secure.gravatar.com\/avatar\/cd755de689901b5fa62ef49013cb4333f49f3b1bb35f01ecc7cf6c0f4a7b5ef9?s=96&d=mm&r=g\",\"url\":\"https:\/\/secure.gravatar.com\/avatar\/cd755de689901b5fa62ef49013cb4333f49f3b1bb35f01ecc7cf6c0f4a7b5ef9?s=96&d=mm&r=g\",\"contentUrl\":\"https:\/\/secure.gravatar.com\/avatar\/cd755de689901b5fa62ef49013cb4333f49f3b1bb35f01ecc7cf6c0f4a7b5ef9?s=96&d=mm&r=g\",\"caption\":\"blogjpt\"},\"url\":\"https:\/\/cabinet-jpt.com\/BLOG\/?author=1\"}]}<\/script>\n<!-- \/ Yoast SEO plugin. -->","yoast_head_json":{"title":"ACTION SOCIALE, GESTION ET DIRECTION - BLOG","description":"L\u2019action sociale d\u00e9signe l'ensemble des moyens visant \u00e0 aider les personnes ou les groupes les plus fragiles mis en place par une soci\u00e9t\u00e9","robots":{"index":"index","follow":"follow","max-snippet":"max-snippet:-1","max-image-preview":"max-image-preview:large","max-video-preview":"max-video-preview:-1"},"canonical":"https:\/\/cabinet-jpt.com\/BLOG\/?p=377","og_locale":"fr_FR","og_type":"article","og_title":"ACTION SOCIALE, GESTION ET DIRECTION - BLOG","og_description":"L\u2019action sociale d\u00e9signe l'ensemble des moyens visant \u00e0 aider les personnes ou les groupes les plus fragiles mis en place par une soci\u00e9t\u00e9","og_url":"https:\/\/cabinet-jpt.com\/BLOG\/?p=377","og_site_name":"BLOG","article_publisher":"https:\/\/www.facebook.com\/CabinetJPTconsultants","article_published_time":"2021-03-29T07:41:53+00:00","article_modified_time":"2021-03-29T07:41:57+00:00","og_image":[{"width":1291,"height":861,"url":"https:\/\/cabinet-jpt.com\/BLOG\/wp-content\/uploads\/2021\/03\/asociale-1.jpg","type":"image\/jpeg"}],"author":"blogjpt","twitter_card":"summary_large_image","twitter_creator":"@JeanToutut","twitter_site":"@JeanToutut","twitter_misc":{"\u00c9crit par":"blogjpt","Dur\u00e9e de lecture estim\u00e9e":"3 minutes"},"schema":{"@context":"https:\/\/schema.org","@graph":[{"@type":"NewsArticle","@id":"https:\/\/cabinet-jpt.com\/BLOG\/?p=377#article","isPartOf":{"@id":"https:\/\/cabinet-jpt.com\/BLOG\/?p=377"},"author":{"name":"blogjpt","@id":"https:\/\/cabinet-jpt.com\/BLOG\/#\/schema\/person\/ecde2d3555cc43b2de221bf9a98862c8"},"headline":"ACTION SOCIALE, GESTION ET DIRECTION","datePublished":"2021-03-29T07:41:53+00:00","dateModified":"2021-03-29T07:41:57+00:00","mainEntityOfPage":{"@id":"https:\/\/cabinet-jpt.com\/BLOG\/?p=377"},"wordCount":729,"commentCount":0,"publisher":{"@id":"https:\/\/cabinet-jpt.com\/BLOG\/#organization"},"image":{"@id":"https:\/\/cabinet-jpt.com\/BLOG\/?p=377#primaryimage"},"thumbnailUrl":"https:\/\/cabinet-jpt.com\/BLOG\/wp-content\/uploads\/2021\/03\/asociale-1.jpg","articleSection":["Coaching"],"inLanguage":"fr-FR","potentialAction":[{"@type":"CommentAction","name":"Comment","target":["https:\/\/cabinet-jpt.com\/BLOG\/?p=377#respond"]}]},{"@type":"WebPage","@id":"https:\/\/cabinet-jpt.com\/BLOG\/?p=377","url":"https:\/\/cabinet-jpt.com\/BLOG\/?p=377","name":"ACTION SOCIALE, GESTION ET DIRECTION - BLOG","isPartOf":{"@id":"https:\/\/cabinet-jpt.com\/BLOG\/#website"},"primaryImageOfPage":{"@id":"https:\/\/cabinet-jpt.com\/BLOG\/?p=377#primaryimage"},"image":{"@id":"https:\/\/cabinet-jpt.com\/BLOG\/?p=377#primaryimage"},"thumbnailUrl":"https:\/\/cabinet-jpt.com\/BLOG\/wp-content\/uploads\/2021\/03\/asociale-1.jpg","datePublished":"2021-03-29T07:41:53+00:00","dateModified":"2021-03-29T07:41:57+00:00","description":"L\u2019action sociale d\u00e9signe l'ensemble des moyens visant \u00e0 aider les personnes ou les groupes les plus fragiles mis en place par une soci\u00e9t\u00e9","breadcrumb":{"@id":"https:\/\/cabinet-jpt.com\/BLOG\/?p=377#breadcrumb"},"inLanguage":"fr-FR","potentialAction":[{"@type":"ReadAction","target":["https:\/\/cabinet-jpt.com\/BLOG\/?p=377"]}]},{"@type":"ImageObject","inLanguage":"fr-FR","@id":"https:\/\/cabinet-jpt.com\/BLOG\/?p=377#primaryimage","url":"https:\/\/cabinet-jpt.com\/BLOG\/wp-content\/uploads\/2021\/03\/asociale-1.jpg","contentUrl":"https:\/\/cabinet-jpt.com\/BLOG\/wp-content\/uploads\/2021\/03\/asociale-1.jpg","width":1291,"height":861,"caption":"Action Sociale"},{"@type":"BreadcrumbList","@id":"https:\/\/cabinet-jpt.com\/BLOG\/?p=377#breadcrumb","itemListElement":[{"@type":"ListItem","position":1,"name":"Accueil","item":"https:\/\/cabinet-jpt.com\/BLOG"},{"@type":"ListItem","position":2,"name":"ACTION SOCIALE, GESTION ET DIRECTION"}]},{"@type":"WebSite","@id":"https:\/\/cabinet-jpt.com\/BLOG\/#website","url":"https:\/\/cabinet-jpt.com\/BLOG\/","name":"BLOG","description":"","publisher":{"@id":"https:\/\/cabinet-jpt.com\/BLOG\/#organization"},"potentialAction":[{"@type":"SearchAction","target":{"@type":"EntryPoint","urlTemplate":"https:\/\/cabinet-jpt.com\/BLOG\/?s={search_term_string}"},"query-input":{"@type":"PropertyValueSpecification","valueRequired":true,"valueName":"search_term_string"}}],"inLanguage":"fr-FR"},{"@type":"Organization","@id":"https:\/\/cabinet-jpt.com\/BLOG\/#organization","name":"Cabinet Jean-Philippe Toutut Consultants","url":"https:\/\/cabinet-jpt.com\/BLOG\/","logo":{"@type":"ImageObject","inLanguage":"fr-FR","@id":"https:\/\/cabinet-jpt.com\/BLOG\/#\/schema\/logo\/image\/","url":"https:\/\/cabinet-jpt.com\/BLOG\/wp-content\/uploads\/2019\/10\/LogoJp-e1533578331213.png","contentUrl":"https:\/\/cabinet-jpt.com\/BLOG\/wp-content\/uploads\/2019\/10\/LogoJp-e1533578331213.png","width":156,"height":140,"caption":"Cabinet Jean-Philippe Toutut Consultants"},"image":{"@id":"https:\/\/cabinet-jpt.com\/BLOG\/#\/schema\/logo\/image\/"},"sameAs":["https:\/\/www.facebook.com\/CabinetJPTconsultants","https:\/\/x.com\/JeanToutut","https:\/\/www.pinterest.es\/CabinetJPTC"]},{"@type":"Person","@id":"https:\/\/cabinet-jpt.com\/BLOG\/#\/schema\/person\/ecde2d3555cc43b2de221bf9a98862c8","name":"blogjpt","image":{"@type":"ImageObject","inLanguage":"fr-FR","@id":"https:\/\/secure.gravatar.com\/avatar\/cd755de689901b5fa62ef49013cb4333f49f3b1bb35f01ecc7cf6c0f4a7b5ef9?s=96&d=mm&r=g","url":"https:\/\/secure.gravatar.com\/avatar\/cd755de689901b5fa62ef49013cb4333f49f3b1bb35f01ecc7cf6c0f4a7b5ef9?s=96&d=mm&r=g","contentUrl":"https:\/\/secure.gravatar.com\/avatar\/cd755de689901b5fa62ef49013cb4333f49f3b1bb35f01ecc7cf6c0f4a7b5ef9?s=96&d=mm&r=g","caption":"blogjpt"},"url":"https:\/\/cabinet-jpt.com\/BLOG\/?author=1"}]}},"jetpack_publicize_connections":[],"jetpack_featured_media_url":"https:\/\/cabinet-jpt.com\/BLOG\/wp-content\/uploads\/2021\/03\/asociale-1.jpg","jetpack_sharing_enabled":true,"jetpack_likes_enabled":true,"post_mailing_queue_ids":[],"_links":{"self":[{"href":"https:\/\/cabinet-jpt.com\/BLOG\/index.php?rest_route=\/wp\/v2\/posts\/377","targetHints":{"allow":["GET"]}}],"collection":[{"href":"https:\/\/cabinet-jpt.com\/BLOG\/index.php?rest_route=\/wp\/v2\/posts"}],"about":[{"href":"https:\/\/cabinet-jpt.com\/BLOG\/index.php?rest_route=\/wp\/v2\/types\/post"}],"author":[{"embeddable":true,"href":"https:\/\/cabinet-jpt.com\/BLOG\/index.php?rest_route=\/wp\/v2\/users\/1"}],"replies":[{"embeddable":true,"href":"https:\/\/cabinet-jpt.com\/BLOG\/index.php?rest_route=%2Fwp%2Fv2%2Fcomments&post=377"}],"version-history":[{"count":-4,"href":"https:\/\/cabinet-jpt.com\/BLOG\/index.php?rest_route=\/wp\/v2\/posts\/377\/revisions"}],"wp:featuredmedia":[{"embeddable":true,"href":"https:\/\/cabinet-jpt.com\/BLOG\/index.php?rest_route=\/wp\/v2\/media\/379"}],"wp:attachment":[{"href":"https:\/\/cabinet-jpt.com\/BLOG\/index.php?rest_route=%2Fwp%2Fv2%2Fmedia&parent=377"}],"wp:term":[{"taxonomy":"category","embeddable":true,"href":"https:\/\/cabinet-jpt.com\/BLOG\/index.php?rest_route=%2Fwp%2Fv2%2Fcategories&post=377"},{"taxonomy":"post_tag","embeddable":true,"href":"https:\/\/cabinet-jpt.com\/BLOG\/index.php?rest_route=%2Fwp%2Fv2%2Ftags&post=377"}],"curies":[{"name":"wp","href":"https:\/\/api.w.org\/{rel}","templated":true}]}}