{"id":387,"date":"2021-04-17T12:56:52","date_gmt":"2021-04-17T10:56:52","guid":{"rendered":"https:\/\/cabinet-jpt.com\/BLOG\/?p=387"},"modified":"2021-04-17T12:56:56","modified_gmt":"2021-04-17T10:56:56","slug":"ethique-du-projet","status":"publish","type":"post","link":"https:\/\/cabinet-jpt.com\/BLOG\/?p=387","title":{"rendered":"L&rsquo;Ethique du projet, secteur sant\u00e9 \u2013 social (I)"},"content":{"rendered":"\n<h4 class=\"wp-block-heading\"><strong><br><span style=\"text-decoration: underline;\">L\u2019 \u00ab\u00a0\u00e9thique du projet\u00a0\u00bb, mais aussi le \u00ab\u00a0projet \u00e9thique de l\u2019\u00e9tablissement\u00a0\u00bb, sont indissociables de la construction \u00e9thique du manager.<\/span><\/strong><\/h4>\n\n\n\n<p><strong><u>L&rsquo;Ethique du projet<\/u><\/strong><\/p>\n\n\n\n<p>Le mot projet est employ\u00e9 quotidiennement dans les secteurs du soin et du social. Projet avec\u00a0un usager pour son devenir, projet pour la sortie de dimanche prochain, projet de soins, projet pour refaire les peintures du pavillon, projet d&rsquo;\u00e9tablissement ou de service&#8230; Le mot projet est \u00e0 la fois une projection, une perspective, et aussi la mise en \u0153uvre d\u2019une strat\u00e9gie avec sa m\u00e9thodologie moderne\u00a0:<\/p>\n\n\n\n<ul class=\"wp-block-list\"><li>Dessein<\/li><li>Dessin<\/li><li>Conception<\/li><li>R\u00e9alisation<\/li><\/ul>\n\n\n\n<p>Le mot projet s&rsquo;oppose au caract\u00e8re spontan\u00e9, voire improvis\u00e9, des actions \u00e0 entreprendre.<\/p>\n\n\n\n<p>Tension dynamique et dialectique puisque le seul dessin ne suffit pas, il n&rsquo;est que la traduction du dessein qui sera lui-m\u00eame en question dans la r\u00e9alisation.<br>Tout projet est construit sur un temps lin\u00e9aire, un avenir ouvert pour orienter, d\u00e9velopper, le sens du mieux-\u00eatre humain collectif. En cela, il se distingue du temps cyclique et naturel qui est r\u00e9p\u00e9tition ( Jour \/ Nuit ), et&nbsp; reproduction de sch\u00e9mas construits.<\/p>\n\n\n\n<p>\u00a0\u00a0\u00a0\u00a0\u00a0\u00a0\u00a0\u00a0 De nombreuses structures du <a href=\"https:\/\/fr.wikipedia.org\/wiki\/%C3%89tablissement_ou_service_social_ou_m%C3%A9dico-social\" target=\"_blank\" rel=\"noreferrer noopener\">secteur social et m\u00e9dico-social<\/a> sont en effet dans un fonctionnement \u00ab\u00a0r\u00e9p\u00e9t\u00e9\u00a0\u00bb depuis des ann\u00e9es, quelle que soit l&rsquo;\u00e9volution de l&rsquo;environnement et les injonctions notifi\u00e9es. Mais comme par ailleurs le travail d\u2019accompagnement est de qualit\u00e9, avec des relations sociales apais\u00e9es, une belle image de la structure dans son environnement, mais aussi source d&#8217;emploi maintenant une vie \u00e9conomique dans des zones relativement isol\u00e9es, un compromis est trouv\u00e9 pour que rien ne bouge\u00a0: d\u00e8s lors, toute \u00e9volution propos\u00e9e est mena\u00e7ante car on n\u2019en voit aucun int\u00e9r\u00eat. Le temps est arr\u00eat\u00e9, il \u00ab\u00a0s&rsquo;\u00e9coule\u00a0\u00bb en boucle.<\/p>\n\n\n\n<p>&nbsp;&nbsp;&nbsp;&nbsp;&nbsp;&nbsp;&nbsp;&nbsp; Le projet est une projection pour demain, il suppose de la part de ceux qui le portent une dose d&rsquo;esp\u00e9rance. Esperance pour am\u00e9liorer&nbsp; l&rsquo;existant, le transformer. Cette confiance dans l&rsquo;avenir comme cr\u00e9ation de possibles, est aussi une confiance dans les autres, dans l&rsquo;humain, comme capable de changer et donc de risquer. Postures positives&nbsp;: en devenant acteur dans le dispositif, et donc pr\u00eat \u00e0 changer pour soi-m\u00eame.<\/p>\n\n\n\n<p><strong><u>Le projet \u00ab&nbsp;\u00e9thique&nbsp;\u00bb<\/u><\/strong><\/p>\n\n\n\n<p>Etablir un projet \u00e9thique consiste donc \u00e0 tenter de s\u2019arracher sans cesse \u00e0 tous les d\u00e9terminismes, \u00e0 toutes les r\u00e9p\u00e9titions qui fixent les hommes et les groupes dans des \u00e9tats immobiles.<br><a href=\"https:\/\/es.wikipedia.org\/wiki\/Jean-Paul_Sartre\" target=\"_blank\" rel=\"noreferrer noopener\">Sartre<\/a> d\u00e9finit l\u2019homme comme projet fondamental et original. \u00ab\u00a0Condamn\u00e9 \u00e0 \u00eatre libre\u00a0\u00bb, l\u2019homme \u00ab\u00a0est ce qu\u2019il devient\u00a0\u00bb.<br>Le projet de l\u2019\u00e9quipe de direction de d\u00e9velopper une prise en charge individualis\u00e9e dans un \u00e9tablissement o\u00f9 seul le respect des r\u00e8gles collectives \u00e9tait au c\u0153ur de l\u2019accompagnement, am\u00e8ne \u00e0 d\u00e9velopper la parole individuelle, cr\u00e9er des groupes de parole sur l\u2019\u00e9cole, l\u2019apprentissage, la sexualit\u00e9, qui prennent place au c\u0153ur du projet.<br>L\u2019\u00e9quipe \u00e9tait un collectif ancien, uni dans la n\u00e9cessit\u00e9 puisqu\u2019elle a du souvent se substituer \u00e0 des directions fragiles et instables. Si la r\u00e9sistance est d\u2019autant plus grande au-del\u00e0 des changements d\u2019organisation et des formations \u00e0 r\u00e9aliser, c\u2019est qu\u2019id\u00e9ologiquement la majorit\u00e9 pense que ces enfants et adolescents sont perdus et vont reproduire le sch\u00e9ma des parents\u00a0: violence, s\u00e9paration, marginalit\u00e9, prison\u2026 le tout r\u00e9sum\u00e9 par cette phrase entendue \u00e0 l\u2019encontre d\u2019un jeune\u00a0: \u00ab\u00a0Tu es un bon \u00e0 rien\u00a0! pourquoi cette violence\u00a0? tu finiras comme ton p\u00e8re en prison, qui a ramass\u00e9 je te le rappelle 8 ans\u00a0!\u00a0\u00bb.<br>Cette certitude de la r\u00e9p\u00e9tition annule toute esp\u00e9rance et donc conduit tout projet \u00e0 l\u2019\u00e9chec.<br>Tout \u00e9mane d\u2019un collectif ouvert, en phase avec les enjeux de l\u2019environnement, en capacit\u00e9 d\u2019adaptation. Ceci suppose des organisations adaptables, souples, o\u00f9 la parole circule, o\u00f9 le compromis est trouv\u00e9.<\/p>\n\n\n\n<p>&nbsp;&nbsp;&nbsp;&nbsp;&nbsp;&nbsp;&nbsp;&nbsp; Tout projet est en perp\u00e9tuelle adaptation parce que la possible maitrise n&rsquo;est jamais acquise. La complexit\u00e9 est au centre de toute r\u00e9alisation et en perp\u00e9tuel d\u00e9s\u00e9quilibre. L&rsquo;image de la marche repr\u00e9sente bien&nbsp; ce mouvement d&rsquo;un pas au pas. Tout projet de vie est risque parce qu&rsquo;il est toujours en avant de lui-m\u00eame.<\/p>\n\n\n\n<p>\u00a0\u00a0\u00a0\u00a0\u00a0\u00a0\u00a0\u00a0 Ainsi se d\u00e9voilent 4 valeurs essentielles au fondement de tout projet qualifiable d\u2019\u00e9thique\u00a0: il permet l\u2019arrachement \u00e0 tout d\u00e9terminisme, il cultive l\u2019esp\u00e9rance dans l&rsquo;avenir, il prend des risques tout en permettant les ajustements, et enfin il s\u2019inscrit r\u00e9solument dans un mouvement permanent d&rsquo;adaptation \u00e0 l&rsquo;environnement.<\/p>\n\n\n\n<p>(a suivre)<\/p>\n","protected":false},"excerpt":{"rendered":"<p>L\u2019 \u00ab\u00a0\u00e9thique du projet\u00a0\u00bb, mais aussi le \u00ab\u00a0projet \u00e9thique de l\u2019\u00e9tablissement\u00a0\u00bb, sont indissociables de la construction \u00e9thique du manager. L&rsquo;Ethique du projet Le mot projet est employ\u00e9 quotidiennement dans les secteurs du soin et du social. Projet avec\u00a0un usager pour son devenir, projet pour la sortie de dimanche prochain, projet de soins, projet pour refaire [&hellip;]<\/p>\n","protected":false},"author":1,"featured_media":388,"comment_status":"open","ping_status":"open","sticky":false,"template":"","format":"standard","meta":{"_jetpack_memberships_contains_paid_content":false,"footnotes":"","jetpack_publicize_message":"","jetpack_publicize_feature_enabled":true,"jetpack_social_post_already_shared":true,"jetpack_social_options":{"image_generator_settings":{"template":"highway","default_image_id":0,"font":"","enabled":false},"version":2}},"categories":[6],"tags":[],"class_list":["post-387","post","type-post","status-publish","format-standard","has-post-thumbnail","hentry","category-ethique-et-management"],"yoast_head":"<!-- This site is optimized with the Yoast SEO plugin v27.2 - https:\/\/yoast.com\/product\/yoast-seo-wordpress\/ -->\n<title>L&#039;Ethique du projet, secteur sant\u00e9 \u2013 social (I) - BLOG<\/title>\n<meta name=\"description\" content=\"L\u2019 \u00ab \u00e9thique du projet \u00bb, mais aussi le \u00ab projet \u00e9thique de l\u2019\u00e9tablissement \u00bb, sont indissociables de la construction \u00e9thique du manager.\" \/>\n<meta name=\"robots\" content=\"index, follow, max-snippet:-1, max-image-preview:large, max-video-preview:-1\" \/>\n<link rel=\"canonical\" href=\"https:\/\/cabinet-jpt.com\/BLOG\/?p=387\" \/>\n<meta property=\"og:locale\" content=\"fr_FR\" \/>\n<meta property=\"og:type\" content=\"article\" \/>\n<meta property=\"og:title\" content=\"L&#039;Ethique du projet, secteur sant\u00e9 \u2013 social (I) - BLOG\" \/>\n<meta property=\"og:description\" content=\"L\u2019 \u00ab \u00e9thique du projet \u00bb, mais aussi le \u00ab projet \u00e9thique de l\u2019\u00e9tablissement \u00bb, sont indissociables de la construction \u00e9thique du manager.\" \/>\n<meta property=\"og:url\" content=\"https:\/\/cabinet-jpt.com\/BLOG\/?p=387\" \/>\n<meta property=\"og:site_name\" content=\"BLOG\" \/>\n<meta property=\"article:publisher\" content=\"https:\/\/www.facebook.com\/CabinetJPTconsultants\" \/>\n<meta property=\"article:published_time\" content=\"2021-04-17T10:56:52+00:00\" \/>\n<meta property=\"article:modified_time\" content=\"2021-04-17T10:56:56+00:00\" \/>\n<meta property=\"og:image\" content=\"https:\/\/cabinet-jpt.com\/BLOG\/wp-content\/uploads\/2021\/04\/retraite-e1618648580644.jpg\" \/>\n\t<meta property=\"og:image:width\" content=\"1262\" \/>\n\t<meta property=\"og:image:height\" content=\"1080\" \/>\n\t<meta property=\"og:image:type\" content=\"image\/jpeg\" \/>\n<meta name=\"author\" content=\"blogjpt\" \/>\n<meta name=\"twitter:card\" content=\"summary_large_image\" \/>\n<meta name=\"twitter:creator\" content=\"@JeanToutut\" \/>\n<meta name=\"twitter:site\" content=\"@JeanToutut\" \/>\n<meta name=\"twitter:label1\" content=\"\u00c9crit par\" \/>\n\t<meta name=\"twitter:data1\" content=\"blogjpt\" \/>\n\t<meta name=\"twitter:label2\" content=\"Dur\u00e9e de lecture estim\u00e9e\" \/>\n\t<meta name=\"twitter:data2\" content=\"3 minutes\" \/>\n<script type=\"application\/ld+json\" class=\"yoast-schema-graph\">{\"@context\":\"https:\/\/schema.org\",\"@graph\":[{\"@type\":\"NewsArticle\",\"@id\":\"https:\/\/cabinet-jpt.com\/BLOG\/?p=387#article\",\"isPartOf\":{\"@id\":\"https:\/\/cabinet-jpt.com\/BLOG\/?p=387\"},\"author\":{\"name\":\"blogjpt\",\"@id\":\"https:\/\/cabinet-jpt.com\/BLOG\/#\/schema\/person\/ecde2d3555cc43b2de221bf9a98862c8\"},\"headline\":\"L&rsquo;Ethique du projet, secteur sant\u00e9 \u2013 social (I)\",\"datePublished\":\"2021-04-17T10:56:52+00:00\",\"dateModified\":\"2021-04-17T10:56:56+00:00\",\"mainEntityOfPage\":{\"@id\":\"https:\/\/cabinet-jpt.com\/BLOG\/?p=387\"},\"wordCount\":798,\"commentCount\":0,\"publisher\":{\"@id\":\"https:\/\/cabinet-jpt.com\/BLOG\/#organization\"},\"image\":{\"@id\":\"https:\/\/cabinet-jpt.com\/BLOG\/?p=387#primaryimage\"},\"thumbnailUrl\":\"https:\/\/cabinet-jpt.com\/BLOG\/wp-content\/uploads\/2021\/04\/retraite-e1618648580644.jpg\",\"articleSection\":[\"Ethique et Management\"],\"inLanguage\":\"fr-FR\",\"potentialAction\":[{\"@type\":\"CommentAction\",\"name\":\"Comment\",\"target\":[\"https:\/\/cabinet-jpt.com\/BLOG\/?p=387#respond\"]}]},{\"@type\":\"WebPage\",\"@id\":\"https:\/\/cabinet-jpt.com\/BLOG\/?p=387\",\"url\":\"https:\/\/cabinet-jpt.com\/BLOG\/?p=387\",\"name\":\"L'Ethique du projet, secteur sant\u00e9 \u2013 social (I) - BLOG\",\"isPartOf\":{\"@id\":\"https:\/\/cabinet-jpt.com\/BLOG\/#website\"},\"primaryImageOfPage\":{\"@id\":\"https:\/\/cabinet-jpt.com\/BLOG\/?p=387#primaryimage\"},\"image\":{\"@id\":\"https:\/\/cabinet-jpt.com\/BLOG\/?p=387#primaryimage\"},\"thumbnailUrl\":\"https:\/\/cabinet-jpt.com\/BLOG\/wp-content\/uploads\/2021\/04\/retraite-e1618648580644.jpg\",\"datePublished\":\"2021-04-17T10:56:52+00:00\",\"dateModified\":\"2021-04-17T10:56:56+00:00\",\"description\":\"L\u2019 \u00ab \u00e9thique du projet \u00bb, mais aussi le \u00ab projet \u00e9thique de l\u2019\u00e9tablissement \u00bb, sont indissociables de la construction \u00e9thique du manager.\",\"breadcrumb\":{\"@id\":\"https:\/\/cabinet-jpt.com\/BLOG\/?p=387#breadcrumb\"},\"inLanguage\":\"fr-FR\",\"potentialAction\":[{\"@type\":\"ReadAction\",\"target\":[\"https:\/\/cabinet-jpt.com\/BLOG\/?p=387\"]}]},{\"@type\":\"ImageObject\",\"inLanguage\":\"fr-FR\",\"@id\":\"https:\/\/cabinet-jpt.com\/BLOG\/?p=387#primaryimage\",\"url\":\"https:\/\/cabinet-jpt.com\/BLOG\/wp-content\/uploads\/2021\/04\/retraite-e1618648580644.jpg\",\"contentUrl\":\"https:\/\/cabinet-jpt.com\/BLOG\/wp-content\/uploads\/2021\/04\/retraite-e1618648580644.jpg\",\"width\":1262,\"height\":1080},{\"@type\":\"BreadcrumbList\",\"@id\":\"https:\/\/cabinet-jpt.com\/BLOG\/?p=387#breadcrumb\",\"itemListElement\":[{\"@type\":\"ListItem\",\"position\":1,\"name\":\"Accueil\",\"item\":\"https:\/\/cabinet-jpt.com\/BLOG\"},{\"@type\":\"ListItem\",\"position\":2,\"name\":\"L&rsquo;Ethique du projet, secteur sant\u00e9 \u2013 social (I)\"}]},{\"@type\":\"WebSite\",\"@id\":\"https:\/\/cabinet-jpt.com\/BLOG\/#website\",\"url\":\"https:\/\/cabinet-jpt.com\/BLOG\/\",\"name\":\"BLOG\",\"description\":\"\",\"publisher\":{\"@id\":\"https:\/\/cabinet-jpt.com\/BLOG\/#organization\"},\"potentialAction\":[{\"@type\":\"SearchAction\",\"target\":{\"@type\":\"EntryPoint\",\"urlTemplate\":\"https:\/\/cabinet-jpt.com\/BLOG\/?s={search_term_string}\"},\"query-input\":{\"@type\":\"PropertyValueSpecification\",\"valueRequired\":true,\"valueName\":\"search_term_string\"}}],\"inLanguage\":\"fr-FR\"},{\"@type\":\"Organization\",\"@id\":\"https:\/\/cabinet-jpt.com\/BLOG\/#organization\",\"name\":\"Cabinet Jean-Philippe Toutut Consultants\",\"url\":\"https:\/\/cabinet-jpt.com\/BLOG\/\",\"logo\":{\"@type\":\"ImageObject\",\"inLanguage\":\"fr-FR\",\"@id\":\"https:\/\/cabinet-jpt.com\/BLOG\/#\/schema\/logo\/image\/\",\"url\":\"https:\/\/cabinet-jpt.com\/BLOG\/wp-content\/uploads\/2019\/10\/LogoJp-e1533578331213.png\",\"contentUrl\":\"https:\/\/cabinet-jpt.com\/BLOG\/wp-content\/uploads\/2019\/10\/LogoJp-e1533578331213.png\",\"width\":156,\"height\":140,\"caption\":\"Cabinet Jean-Philippe Toutut Consultants\"},\"image\":{\"@id\":\"https:\/\/cabinet-jpt.com\/BLOG\/#\/schema\/logo\/image\/\"},\"sameAs\":[\"https:\/\/www.facebook.com\/CabinetJPTconsultants\",\"https:\/\/x.com\/JeanToutut\",\"https:\/\/www.pinterest.es\/CabinetJPTC\"]},{\"@type\":\"Person\",\"@id\":\"https:\/\/cabinet-jpt.com\/BLOG\/#\/schema\/person\/ecde2d3555cc43b2de221bf9a98862c8\",\"name\":\"blogjpt\",\"image\":{\"@type\":\"ImageObject\",\"inLanguage\":\"fr-FR\",\"@id\":\"https:\/\/secure.gravatar.com\/avatar\/cd755de689901b5fa62ef49013cb4333f49f3b1bb35f01ecc7cf6c0f4a7b5ef9?s=96&d=mm&r=g\",\"url\":\"https:\/\/secure.gravatar.com\/avatar\/cd755de689901b5fa62ef49013cb4333f49f3b1bb35f01ecc7cf6c0f4a7b5ef9?s=96&d=mm&r=g\",\"contentUrl\":\"https:\/\/secure.gravatar.com\/avatar\/cd755de689901b5fa62ef49013cb4333f49f3b1bb35f01ecc7cf6c0f4a7b5ef9?s=96&d=mm&r=g\",\"caption\":\"blogjpt\"},\"url\":\"https:\/\/cabinet-jpt.com\/BLOG\/?author=1\"}]}<\/script>\n<!-- \/ Yoast SEO plugin. -->","yoast_head_json":{"title":"L'Ethique du projet, secteur sant\u00e9 \u2013 social (I) - BLOG","description":"L\u2019 \u00ab \u00e9thique du projet \u00bb, mais aussi le \u00ab projet \u00e9thique de l\u2019\u00e9tablissement \u00bb, sont indissociables de la construction \u00e9thique du manager.","robots":{"index":"index","follow":"follow","max-snippet":"max-snippet:-1","max-image-preview":"max-image-preview:large","max-video-preview":"max-video-preview:-1"},"canonical":"https:\/\/cabinet-jpt.com\/BLOG\/?p=387","og_locale":"fr_FR","og_type":"article","og_title":"L'Ethique du projet, secteur sant\u00e9 \u2013 social (I) - BLOG","og_description":"L\u2019 \u00ab \u00e9thique du projet \u00bb, mais aussi le \u00ab projet \u00e9thique de l\u2019\u00e9tablissement \u00bb, sont indissociables de la construction \u00e9thique du manager.","og_url":"https:\/\/cabinet-jpt.com\/BLOG\/?p=387","og_site_name":"BLOG","article_publisher":"https:\/\/www.facebook.com\/CabinetJPTconsultants","article_published_time":"2021-04-17T10:56:52+00:00","article_modified_time":"2021-04-17T10:56:56+00:00","og_image":[{"width":1262,"height":1080,"url":"https:\/\/cabinet-jpt.com\/BLOG\/wp-content\/uploads\/2021\/04\/retraite-e1618648580644.jpg","type":"image\/jpeg"}],"author":"blogjpt","twitter_card":"summary_large_image","twitter_creator":"@JeanToutut","twitter_site":"@JeanToutut","twitter_misc":{"\u00c9crit par":"blogjpt","Dur\u00e9e de lecture estim\u00e9e":"3 minutes"},"schema":{"@context":"https:\/\/schema.org","@graph":[{"@type":"NewsArticle","@id":"https:\/\/cabinet-jpt.com\/BLOG\/?p=387#article","isPartOf":{"@id":"https:\/\/cabinet-jpt.com\/BLOG\/?p=387"},"author":{"name":"blogjpt","@id":"https:\/\/cabinet-jpt.com\/BLOG\/#\/schema\/person\/ecde2d3555cc43b2de221bf9a98862c8"},"headline":"L&rsquo;Ethique du projet, secteur sant\u00e9 \u2013 social (I)","datePublished":"2021-04-17T10:56:52+00:00","dateModified":"2021-04-17T10:56:56+00:00","mainEntityOfPage":{"@id":"https:\/\/cabinet-jpt.com\/BLOG\/?p=387"},"wordCount":798,"commentCount":0,"publisher":{"@id":"https:\/\/cabinet-jpt.com\/BLOG\/#organization"},"image":{"@id":"https:\/\/cabinet-jpt.com\/BLOG\/?p=387#primaryimage"},"thumbnailUrl":"https:\/\/cabinet-jpt.com\/BLOG\/wp-content\/uploads\/2021\/04\/retraite-e1618648580644.jpg","articleSection":["Ethique et Management"],"inLanguage":"fr-FR","potentialAction":[{"@type":"CommentAction","name":"Comment","target":["https:\/\/cabinet-jpt.com\/BLOG\/?p=387#respond"]}]},{"@type":"WebPage","@id":"https:\/\/cabinet-jpt.com\/BLOG\/?p=387","url":"https:\/\/cabinet-jpt.com\/BLOG\/?p=387","name":"L'Ethique du projet, secteur sant\u00e9 \u2013 social (I) - BLOG","isPartOf":{"@id":"https:\/\/cabinet-jpt.com\/BLOG\/#website"},"primaryImageOfPage":{"@id":"https:\/\/cabinet-jpt.com\/BLOG\/?p=387#primaryimage"},"image":{"@id":"https:\/\/cabinet-jpt.com\/BLOG\/?p=387#primaryimage"},"thumbnailUrl":"https:\/\/cabinet-jpt.com\/BLOG\/wp-content\/uploads\/2021\/04\/retraite-e1618648580644.jpg","datePublished":"2021-04-17T10:56:52+00:00","dateModified":"2021-04-17T10:56:56+00:00","description":"L\u2019 \u00ab \u00e9thique du projet \u00bb, mais aussi le \u00ab projet \u00e9thique de l\u2019\u00e9tablissement \u00bb, sont indissociables de la construction \u00e9thique du manager.","breadcrumb":{"@id":"https:\/\/cabinet-jpt.com\/BLOG\/?p=387#breadcrumb"},"inLanguage":"fr-FR","potentialAction":[{"@type":"ReadAction","target":["https:\/\/cabinet-jpt.com\/BLOG\/?p=387"]}]},{"@type":"ImageObject","inLanguage":"fr-FR","@id":"https:\/\/cabinet-jpt.com\/BLOG\/?p=387#primaryimage","url":"https:\/\/cabinet-jpt.com\/BLOG\/wp-content\/uploads\/2021\/04\/retraite-e1618648580644.jpg","contentUrl":"https:\/\/cabinet-jpt.com\/BLOG\/wp-content\/uploads\/2021\/04\/retraite-e1618648580644.jpg","width":1262,"height":1080},{"@type":"BreadcrumbList","@id":"https:\/\/cabinet-jpt.com\/BLOG\/?p=387#breadcrumb","itemListElement":[{"@type":"ListItem","position":1,"name":"Accueil","item":"https:\/\/cabinet-jpt.com\/BLOG"},{"@type":"ListItem","position":2,"name":"L&rsquo;Ethique du projet, secteur sant\u00e9 \u2013 social (I)"}]},{"@type":"WebSite","@id":"https:\/\/cabinet-jpt.com\/BLOG\/#website","url":"https:\/\/cabinet-jpt.com\/BLOG\/","name":"BLOG","description":"","publisher":{"@id":"https:\/\/cabinet-jpt.com\/BLOG\/#organization"},"potentialAction":[{"@type":"SearchAction","target":{"@type":"EntryPoint","urlTemplate":"https:\/\/cabinet-jpt.com\/BLOG\/?s={search_term_string}"},"query-input":{"@type":"PropertyValueSpecification","valueRequired":true,"valueName":"search_term_string"}}],"inLanguage":"fr-FR"},{"@type":"Organization","@id":"https:\/\/cabinet-jpt.com\/BLOG\/#organization","name":"Cabinet Jean-Philippe Toutut Consultants","url":"https:\/\/cabinet-jpt.com\/BLOG\/","logo":{"@type":"ImageObject","inLanguage":"fr-FR","@id":"https:\/\/cabinet-jpt.com\/BLOG\/#\/schema\/logo\/image\/","url":"https:\/\/cabinet-jpt.com\/BLOG\/wp-content\/uploads\/2019\/10\/LogoJp-e1533578331213.png","contentUrl":"https:\/\/cabinet-jpt.com\/BLOG\/wp-content\/uploads\/2019\/10\/LogoJp-e1533578331213.png","width":156,"height":140,"caption":"Cabinet Jean-Philippe Toutut Consultants"},"image":{"@id":"https:\/\/cabinet-jpt.com\/BLOG\/#\/schema\/logo\/image\/"},"sameAs":["https:\/\/www.facebook.com\/CabinetJPTconsultants","https:\/\/x.com\/JeanToutut","https:\/\/www.pinterest.es\/CabinetJPTC"]},{"@type":"Person","@id":"https:\/\/cabinet-jpt.com\/BLOG\/#\/schema\/person\/ecde2d3555cc43b2de221bf9a98862c8","name":"blogjpt","image":{"@type":"ImageObject","inLanguage":"fr-FR","@id":"https:\/\/secure.gravatar.com\/avatar\/cd755de689901b5fa62ef49013cb4333f49f3b1bb35f01ecc7cf6c0f4a7b5ef9?s=96&d=mm&r=g","url":"https:\/\/secure.gravatar.com\/avatar\/cd755de689901b5fa62ef49013cb4333f49f3b1bb35f01ecc7cf6c0f4a7b5ef9?s=96&d=mm&r=g","contentUrl":"https:\/\/secure.gravatar.com\/avatar\/cd755de689901b5fa62ef49013cb4333f49f3b1bb35f01ecc7cf6c0f4a7b5ef9?s=96&d=mm&r=g","caption":"blogjpt"},"url":"https:\/\/cabinet-jpt.com\/BLOG\/?author=1"}]}},"jetpack_publicize_connections":[],"jetpack_featured_media_url":"https:\/\/cabinet-jpt.com\/BLOG\/wp-content\/uploads\/2021\/04\/retraite-e1618648580644.jpg","jetpack_sharing_enabled":true,"jetpack_likes_enabled":true,"post_mailing_queue_ids":[],"_links":{"self":[{"href":"https:\/\/cabinet-jpt.com\/BLOG\/index.php?rest_route=\/wp\/v2\/posts\/387","targetHints":{"allow":["GET"]}}],"collection":[{"href":"https:\/\/cabinet-jpt.com\/BLOG\/index.php?rest_route=\/wp\/v2\/posts"}],"about":[{"href":"https:\/\/cabinet-jpt.com\/BLOG\/index.php?rest_route=\/wp\/v2\/types\/post"}],"author":[{"embeddable":true,"href":"https:\/\/cabinet-jpt.com\/BLOG\/index.php?rest_route=\/wp\/v2\/users\/1"}],"replies":[{"embeddable":true,"href":"https:\/\/cabinet-jpt.com\/BLOG\/index.php?rest_route=%2Fwp%2Fv2%2Fcomments&post=387"}],"version-history":[{"count":-3,"href":"https:\/\/cabinet-jpt.com\/BLOG\/index.php?rest_route=\/wp\/v2\/posts\/387\/revisions"}],"wp:featuredmedia":[{"embeddable":true,"href":"https:\/\/cabinet-jpt.com\/BLOG\/index.php?rest_route=\/wp\/v2\/media\/388"}],"wp:attachment":[{"href":"https:\/\/cabinet-jpt.com\/BLOG\/index.php?rest_route=%2Fwp%2Fv2%2Fmedia&parent=387"}],"wp:term":[{"taxonomy":"category","embeddable":true,"href":"https:\/\/cabinet-jpt.com\/BLOG\/index.php?rest_route=%2Fwp%2Fv2%2Fcategories&post=387"},{"taxonomy":"post_tag","embeddable":true,"href":"https:\/\/cabinet-jpt.com\/BLOG\/index.php?rest_route=%2Fwp%2Fv2%2Ftags&post=387"}],"curies":[{"name":"wp","href":"https:\/\/api.w.org\/{rel}","templated":true}]}}