{"id":392,"date":"2021-04-24T09:53:55","date_gmt":"2021-04-24T07:53:55","guid":{"rendered":"https:\/\/cabinet-jpt.com\/BLOG\/?p=392"},"modified":"2021-04-24T09:54:00","modified_gmt":"2021-04-24T07:54:00","slug":"ethique-projet","status":"publish","type":"post","link":"https:\/\/cabinet-jpt.com\/BLOG\/?p=392","title":{"rendered":"L\u2019Ethique du projet, secteur sant\u00e9 \u2013 social (II)"},"content":{"rendered":"\n<p><strong><u>La construction de l&rsquo;Ethique<\/u><\/strong><\/p>\n\n\n\n<p><a href=\"https:\/\/cabinet-jpt.com\/BLOG\/?p=114\" target=\"_blank\" rel=\"noreferrer noopener\">\u00c9thique<\/a> du projet, projet \u00e9thique, ne peuvent se tenir et s\u2019\u00e9panouir dans l\u2019\u00e9tablissement que s\u2019ils sont en phase avec l\u2019\u00e9thique du chef ou du dirigeant. Mais qu\u2019est-ce qui construit cette \u00e9thique chez le dirigeant\u00a0? 4 facteurs constitutifs entrent en jeu dans la \u00ab\u00a0fabrication\u00a0\u00bb individuelle de l\u2019<strong><a href=\"https:\/\/fr.wikipedia.org\/wiki\/%C3%89thique\" target=\"_blank\" rel=\"noreferrer noopener\">\u00e9thique<\/a><\/strong> personnelle\u00a0; ils seront d\u2019autant plus cruciaux dans le cas du dirigeant, car in fine c\u2019est lui qui donnera les orientations fondamentales \u00e0 l\u2019\u00e9thique collective.<br>Quelles que soient ses positions apparentes ou affirm\u00e9es dans les divers discours de circonstance, on observe que l\u2019attitude et les choix \u00e9thiques du dirigeant sont influenc\u00e9s, \u00e0 des niveaux variables, par 4 sources importantes\u00a0: l\u2019\u00e9ducation qu\u2019il a re\u00e7ue,\u00a0 la culture qui impr\u00e8gne son milieu, le travail qu\u2019il a r\u00e9alis\u00e9 sur soi, et les le\u00e7ons tir\u00e9es (ou impos\u00e9es) par les exp\u00e9riences de la vie.<\/p>\n\n\n\n<h4 class=\"wp-block-heading\"><strong>1) L\u2019\u00e9ducation<\/strong><\/h4>\n\n\n\n<p>&nbsp;&nbsp;&nbsp;&nbsp;&nbsp;&nbsp;&nbsp;&nbsp; Gabriel est un directeur d&rsquo;un&nbsp; service en \u00ab&nbsp;Milieu Ouvert&nbsp;\u00bb o\u00f9 tous les dispositifs d\u2019accompagnement sont en \u0153uvre.<\/p>\n\n\n\n<p>&nbsp;&nbsp;&nbsp;&nbsp;&nbsp;&nbsp;&nbsp;&nbsp; Impliqu\u00e9, proche des \u00e9quipes, Gabriel est un ardent d\u00e9fenseur du maintien des enfants en famille et parfois au-del\u00e0 du \u00ab&nbsp;raisonnable&nbsp;\u00bb, disent certaines \u00e9quipes de terrain qui ne comprennent pas cette exigence, voire cette rigidit\u00e9, sans compter que ses arguments ne sont pas convaincants. Tout placement est interdit disent-elles.<\/p>\n\n\n\n<p>&nbsp;&nbsp;&nbsp;&nbsp;&nbsp;&nbsp;&nbsp;&nbsp; Entre l&rsquo;\u00e9quipe de direction de la structure et le directeur une bonne&nbsp; relation s&rsquo;est \u00e9tablie, et nous avons pu conna\u00eetre les origines de cet interdit.<\/p>\n\n\n\n<p>&nbsp;&nbsp;&nbsp;&nbsp;&nbsp;&nbsp;&nbsp;&nbsp; Gabriel n&rsquo;a jamais support\u00e9 de quitter sa famille les dimanche soir pour un internat scolaire, pleurant une partie de la nuit dans un lit froid de dortoir.<\/p>\n\n\n\n<p>Gr\u00e2ce ou \u00e0 cause de cette s\u00e9paration douloureuse, r\u00e9p\u00e9titive, il n&rsquo;a jamais pu exercer m\u00eame en tant que directeur dans un internat.<\/p>\n\n\n\n<p>&nbsp;&nbsp;&nbsp;&nbsp;&nbsp;&nbsp;&nbsp;&nbsp; De plus il consid\u00e9rait techniquement que placer un enfant suite \u00e0 une mesure de MO \u00e9tait un \u00e9chec de l\u2019accompagnement et du suivi de la mesure, \u00e0 laquelle s\u2019ajoutait une culpabilit\u00e9 qu\u2019il faisait porter \u00e0 l&rsquo;\u00e9quipe.<\/p>\n\n\n\n<h4 class=\"wp-block-heading\"><strong>2) La culture<\/strong><\/h4>\n\n\n\n<p>&nbsp;&nbsp;&nbsp;&nbsp;&nbsp;&nbsp;&nbsp;&nbsp; La seule \u00e9ducation familiale ou scolaire n&rsquo;explique pas tout de notre rapport au monde. La culture, notre environnement, conditionnent notre rapport au Pouvoir et \u00e0 l&rsquo;Ethique.<\/p>\n\n\n\n<p>&nbsp;&nbsp;&nbsp;&nbsp;&nbsp;&nbsp;&nbsp;&nbsp; Lucas est un directeur d&rsquo;h\u00f4pital qui apr\u00e8s avoir suivi la formation \u00e0 l\u2019Ecole des Hautes Etudes de la Sant\u00e9 Publique est en poste d\u2019adjoint&nbsp; dans une ville d&rsquo;Alsace o\u00f9 il est n\u00e9 et o\u00f9 il a de nombreuses attaches familiales et sociales.<\/p>\n\n\n\n<p>&nbsp;&nbsp;&nbsp;&nbsp;&nbsp;&nbsp;&nbsp;&nbsp; D\u00e9sirant prendre un poste de directeur, il a la \u00ab chance&nbsp;\u00bb disent certains d&rsquo;\u00eatre nomm\u00e9 dans un h\u00f4pital des Bouches-du-Rh\u00f4ne. L&rsquo;exp\u00e9rience n&rsquo;a dur\u00e9 que 6 mois&nbsp;: la fronde des salari\u00e9s \u00e9tant suffisamment grande pour qu&rsquo;il ne puisse \u00ab&nbsp;redresser la barre&nbsp;\u00bb en vue d\u2019un&nbsp; apaisement.<br>&nbsp;&nbsp;&nbsp;&nbsp;&nbsp;&nbsp;&nbsp; Que s&rsquo;est-il pass\u00e9&nbsp;? Ayant consid\u00e9r\u00e9 un fonctionnement qui devait \u00eatre&nbsp; nettement am\u00e9lior\u00e9, il a exig\u00e9 des modifications horaires et des changements d\u2019organisations, sans prendre le temps indispensable \u00e0 toute p\u00e9dagogie pour expliciter le pourquoi et le comment. Il croyait sans doute&nbsp; que le&nbsp; pouvoir qu&rsquo;il avait en permettait l&rsquo;ex\u00e9cution. \u00ab&nbsp;En Alsace&nbsp;\u00bb me dit-il \u00ab&nbsp;c\u2019est un autre rapport \u00e0 la hi\u00e9rarchie&nbsp;\u00bb. Comment n\u2019a-t-il pas pu tenir compte d\u2019un nouveau contexte, d\u2019une nouvelle culture&nbsp;?<\/p>\n\n\n\n<h4 class=\"wp-block-heading\"><strong>3) Le travail sur soi<\/strong><\/h4>\n\n\n\n<p>Il peut \u00eatre entrav\u00e9 ou annul\u00e9 par des probl\u00e9matiques personnelles.<br>Jean Raymond est directeur d\u2019\u00e9tablissement confirm\u00e9 depuis 10 ans, et aspire \u00e0 la direction g\u00e9n\u00e9rale de l\u2019association qui l\u2019emploie. Plusieurs \u00e9l\u00e9ments et les circonstances font qu\u2019il n\u2019a pas pu avoir le poste. S\u2019installe alors chez lui un d\u00e9lire de pers\u00e9cution, se convertissant en vengeance \u00e0 l\u2019encontre du nouveau directeur g\u00e9n\u00e9ral, qui n\u2019y est pour rien. Il refuse d\u2019ex\u00e9cuter les directives et les choix associatifs, il s\u2019oppose syst\u00e9matiquement lors des r\u00e9unions de cadres etc.. Mais il veut rester, jusqu\u2019\u00e0 d\u00e9truire l\u2019ensemble, et prouver que l\u2019association a eu tort de ne pas le prendre. Ayant de nombreux appuis politiques, l\u2019association n\u2019a pas os\u00e9 le licencier, et a fini par accepter que ce directeur et cet \u00e9tablissement \u00e9taient comme un camp retranch\u00e9, \u00e0 part des autres \u00e9tablissements ou services. Plusieurs ennuis de sant\u00e9 pour Jean Raymond ont eu lieu sans que celui-ci fasse le lien avec cet objet de d\u00e9sir devenu une pulsion de mort.<\/p>\n\n\n\n<h4 class=\"wp-block-heading\"><strong>4) L\u2019exp\u00e9rience de vie<\/strong><\/h4>\n\n\n\n<p>Romain est un directeur qui n\u2019aime pas exiger, d\u00e9cider contre l\u2019avis du plus grand nombre. Affectif, s\u00e9ducteur, il est appr\u00e9ci\u00e9 \u2026le temps de son passage dans l\u2019institution. En effet, tous les 2 \u2013 3\u00a0 ans, il quitte son poste au moment o\u00f9 les relations se tendent, o\u00f9 les clivages techniques se font jour, o\u00f9 il faut \u00e9laborer une strat\u00e9gie permettant d\u2019avancer.<br>Au bout de la 4<sup>\u00e8me<\/sup> exp\u00e9rience, sans faire de lien entre ces derni\u00e8res pour d\u00e9terminer ce qu\u2019il y avait de commun dans le fait de choisir de partir, Romain est accus\u00e9 apr\u00e8s son d\u00e9part d\u2019avoir commis des attouchements, viols sur mineurs, adultes et enfants, de n\u2019avoir pas vu le d\u00e9tournement de fond de comptables\u2026<br>Les accusations ont des r\u00e9percussions sur lui, sur son mode de vie, et il se replie en province, dans un lieu retir\u00e9, directeur d\u2019une maison de retraite. Le festif, l\u00e9ger et sympa, n\u2019est plus que l\u2019ombre de lui-m\u00eame, faute d\u2019avoir trouv\u00e9 les raisons et les tenants de son instabilit\u00e9 professionnelle.<\/p>\n\n\n\n<h4 class=\"wp-block-heading\"><strong><u>Conclusion<\/u><\/strong><\/h4>\n\n\n\n<p>L\u2019\u00e9thique du projet, le projet \u00e9thique, et la construction de l\u2019\u00e9thique chez le dirigeant, sont sans cesse en \u00e9volution. L\u2019\u00e9thique n\u2019est jamais stable, elle ne r\u00e9pond en pratique \u00e0 aucune d\u00e9finition r\u00e9f\u00e9rentiable. Elle d\u00e9pend de l\u2019histoire des sujets, de leur formation, de leur exp\u00e9rience personnelle, dont on tire ou non science, mais aussi de la maturit\u00e9 dans la fonction elle-m\u00eame, et de la hauteur d\u2019analyse que peut ou non prendre la structure sur elle-m\u00eame pour avancer. Pour chacun, l\u2019apprentissage est long pour se d\u00e9pouiller des angoisses, du regard des autres, tout en interpr\u00e9tant les exigences et les contraintes internes et externes.<br>L\u2019\u00e9thique pour chaque activit\u00e9, chaque acteur et chaque syst\u00e8me ne peut jamais \u00eatre que dialectique, parce qu\u2019elle se fonde et repose sur des champs culturels diff\u00e9rents\u00a0: religieux, id\u00e9ologiques .. champs dans lesquels s\u2019affrontent en permanence des id\u00e9es divergentes, elles-m\u00eames issues de courants de pens\u00e9e vari\u00e9s.<\/p>\n\n\n\n<p><em>Jean-Philippe TOUTUT \/ Jean-Marie MIRAMON<br>\u00ab&nbsp;Manager l\u2019\u00e9thique&nbsp;\u00bb, \u00e9d. S\u00e9li Arslan, 2018<\/em><\/p>\n","protected":false},"excerpt":{"rendered":"<p>La construction de l&rsquo;Ethique \u00c9thique du projet, projet \u00e9thique, ne peuvent se tenir et s\u2019\u00e9panouir dans l\u2019\u00e9tablissement que s\u2019ils sont en phase avec l\u2019\u00e9thique du chef ou du dirigeant. Mais qu\u2019est-ce qui construit cette \u00e9thique chez le dirigeant\u00a0? 4 facteurs constitutifs entrent en jeu dans la \u00ab\u00a0fabrication\u00a0\u00bb individuelle de l\u2019\u00e9thique personnelle\u00a0; ils seront d\u2019autant plus [&hellip;]<\/p>\n","protected":false},"author":1,"featured_media":388,"comment_status":"open","ping_status":"open","sticky":false,"template":"","format":"standard","meta":{"_jetpack_memberships_contains_paid_content":false,"footnotes":"","jetpack_publicize_message":"","jetpack_publicize_feature_enabled":true,"jetpack_social_post_already_shared":true,"jetpack_social_options":{"image_generator_settings":{"template":"highway","default_image_id":0,"font":"","enabled":false},"version":2}},"categories":[6],"tags":[],"class_list":["post-392","post","type-post","status-publish","format-standard","has-post-thumbnail","hentry","category-ethique-et-management"],"yoast_head":"<!-- This site is optimized with the Yoast SEO plugin v27.2 - https:\/\/yoast.com\/product\/yoast-seo-wordpress\/ -->\n<title>L\u2019Ethique du projet, secteur sant\u00e9 \u2013 social (II) - BLOG<\/title>\n<meta name=\"description\" content=\"Ethique du projet, projet \u00e9thique, ne peuvent se tenir et s\u2019\u00e9panouir dans l\u2019\u00e9tablissement que s\u2019ils sont en phase avec l\u2019\u00e9thique du chef ou du dirigeant.\" \/>\n<meta name=\"robots\" content=\"index, follow, max-snippet:-1, max-image-preview:large, max-video-preview:-1\" \/>\n<link rel=\"canonical\" href=\"https:\/\/cabinet-jpt.com\/BLOG\/?p=392\" \/>\n<meta property=\"og:locale\" content=\"fr_FR\" \/>\n<meta property=\"og:type\" content=\"article\" \/>\n<meta property=\"og:title\" content=\"L\u2019Ethique du projet, secteur sant\u00e9 \u2013 social (II) - BLOG\" \/>\n<meta property=\"og:description\" content=\"Ethique du projet, projet \u00e9thique, ne peuvent se tenir et s\u2019\u00e9panouir dans l\u2019\u00e9tablissement que s\u2019ils sont en phase avec l\u2019\u00e9thique du chef ou du dirigeant.\" \/>\n<meta property=\"og:url\" content=\"https:\/\/cabinet-jpt.com\/BLOG\/?p=392\" \/>\n<meta property=\"og:site_name\" content=\"BLOG\" \/>\n<meta property=\"article:publisher\" content=\"https:\/\/www.facebook.com\/CabinetJPTconsultants\" \/>\n<meta property=\"article:published_time\" content=\"2021-04-24T07:53:55+00:00\" \/>\n<meta property=\"article:modified_time\" content=\"2021-04-24T07:54:00+00:00\" \/>\n<meta property=\"og:image\" content=\"https:\/\/cabinet-jpt.com\/BLOG\/wp-content\/uploads\/2021\/04\/retraite-e1618648580644.jpg\" \/>\n\t<meta property=\"og:image:width\" content=\"1262\" \/>\n\t<meta property=\"og:image:height\" content=\"1080\" \/>\n\t<meta property=\"og:image:type\" content=\"image\/jpeg\" \/>\n<meta name=\"author\" content=\"blogjpt\" \/>\n<meta name=\"twitter:card\" content=\"summary_large_image\" \/>\n<meta name=\"twitter:creator\" content=\"@JeanToutut\" \/>\n<meta name=\"twitter:site\" content=\"@JeanToutut\" \/>\n<meta name=\"twitter:label1\" content=\"\u00c9crit par\" \/>\n\t<meta name=\"twitter:data1\" content=\"blogjpt\" \/>\n\t<meta name=\"twitter:label2\" content=\"Dur\u00e9e de lecture estim\u00e9e\" \/>\n\t<meta name=\"twitter:data2\" content=\"5 minutes\" \/>\n<script type=\"application\/ld+json\" class=\"yoast-schema-graph\">{\"@context\":\"https:\/\/schema.org\",\"@graph\":[{\"@type\":\"NewsArticle\",\"@id\":\"https:\/\/cabinet-jpt.com\/BLOG\/?p=392#article\",\"isPartOf\":{\"@id\":\"https:\/\/cabinet-jpt.com\/BLOG\/?p=392\"},\"author\":{\"name\":\"blogjpt\",\"@id\":\"https:\/\/cabinet-jpt.com\/BLOG\/#\/schema\/person\/ecde2d3555cc43b2de221bf9a98862c8\"},\"headline\":\"L\u2019Ethique du projet, secteur sant\u00e9 \u2013 social (II)\",\"datePublished\":\"2021-04-24T07:53:55+00:00\",\"dateModified\":\"2021-04-24T07:54:00+00:00\",\"mainEntityOfPage\":{\"@id\":\"https:\/\/cabinet-jpt.com\/BLOG\/?p=392\"},\"wordCount\":1223,\"commentCount\":0,\"publisher\":{\"@id\":\"https:\/\/cabinet-jpt.com\/BLOG\/#organization\"},\"image\":{\"@id\":\"https:\/\/cabinet-jpt.com\/BLOG\/?p=392#primaryimage\"},\"thumbnailUrl\":\"https:\/\/cabinet-jpt.com\/BLOG\/wp-content\/uploads\/2021\/04\/retraite-e1618648580644.jpg\",\"articleSection\":[\"Ethique et Management\"],\"inLanguage\":\"fr-FR\",\"potentialAction\":[{\"@type\":\"CommentAction\",\"name\":\"Comment\",\"target\":[\"https:\/\/cabinet-jpt.com\/BLOG\/?p=392#respond\"]}]},{\"@type\":\"WebPage\",\"@id\":\"https:\/\/cabinet-jpt.com\/BLOG\/?p=392\",\"url\":\"https:\/\/cabinet-jpt.com\/BLOG\/?p=392\",\"name\":\"L\u2019Ethique du projet, secteur sant\u00e9 \u2013 social (II) - BLOG\",\"isPartOf\":{\"@id\":\"https:\/\/cabinet-jpt.com\/BLOG\/#website\"},\"primaryImageOfPage\":{\"@id\":\"https:\/\/cabinet-jpt.com\/BLOG\/?p=392#primaryimage\"},\"image\":{\"@id\":\"https:\/\/cabinet-jpt.com\/BLOG\/?p=392#primaryimage\"},\"thumbnailUrl\":\"https:\/\/cabinet-jpt.com\/BLOG\/wp-content\/uploads\/2021\/04\/retraite-e1618648580644.jpg\",\"datePublished\":\"2021-04-24T07:53:55+00:00\",\"dateModified\":\"2021-04-24T07:54:00+00:00\",\"description\":\"Ethique du projet, projet \u00e9thique, ne peuvent se tenir et s\u2019\u00e9panouir dans l\u2019\u00e9tablissement que s\u2019ils sont en phase avec l\u2019\u00e9thique du chef ou du dirigeant.\",\"breadcrumb\":{\"@id\":\"https:\/\/cabinet-jpt.com\/BLOG\/?p=392#breadcrumb\"},\"inLanguage\":\"fr-FR\",\"potentialAction\":[{\"@type\":\"ReadAction\",\"target\":[\"https:\/\/cabinet-jpt.com\/BLOG\/?p=392\"]}]},{\"@type\":\"ImageObject\",\"inLanguage\":\"fr-FR\",\"@id\":\"https:\/\/cabinet-jpt.com\/BLOG\/?p=392#primaryimage\",\"url\":\"https:\/\/cabinet-jpt.com\/BLOG\/wp-content\/uploads\/2021\/04\/retraite-e1618648580644.jpg\",\"contentUrl\":\"https:\/\/cabinet-jpt.com\/BLOG\/wp-content\/uploads\/2021\/04\/retraite-e1618648580644.jpg\",\"width\":1262,\"height\":1080},{\"@type\":\"BreadcrumbList\",\"@id\":\"https:\/\/cabinet-jpt.com\/BLOG\/?p=392#breadcrumb\",\"itemListElement\":[{\"@type\":\"ListItem\",\"position\":1,\"name\":\"Accueil\",\"item\":\"https:\/\/cabinet-jpt.com\/BLOG\"},{\"@type\":\"ListItem\",\"position\":2,\"name\":\"L\u2019Ethique du projet, secteur sant\u00e9 \u2013 social (II)\"}]},{\"@type\":\"WebSite\",\"@id\":\"https:\/\/cabinet-jpt.com\/BLOG\/#website\",\"url\":\"https:\/\/cabinet-jpt.com\/BLOG\/\",\"name\":\"BLOG\",\"description\":\"\",\"publisher\":{\"@id\":\"https:\/\/cabinet-jpt.com\/BLOG\/#organization\"},\"potentialAction\":[{\"@type\":\"SearchAction\",\"target\":{\"@type\":\"EntryPoint\",\"urlTemplate\":\"https:\/\/cabinet-jpt.com\/BLOG\/?s={search_term_string}\"},\"query-input\":{\"@type\":\"PropertyValueSpecification\",\"valueRequired\":true,\"valueName\":\"search_term_string\"}}],\"inLanguage\":\"fr-FR\"},{\"@type\":\"Organization\",\"@id\":\"https:\/\/cabinet-jpt.com\/BLOG\/#organization\",\"name\":\"Cabinet Jean-Philippe Toutut Consultants\",\"url\":\"https:\/\/cabinet-jpt.com\/BLOG\/\",\"logo\":{\"@type\":\"ImageObject\",\"inLanguage\":\"fr-FR\",\"@id\":\"https:\/\/cabinet-jpt.com\/BLOG\/#\/schema\/logo\/image\/\",\"url\":\"https:\/\/cabinet-jpt.com\/BLOG\/wp-content\/uploads\/2019\/10\/LogoJp-e1533578331213.png\",\"contentUrl\":\"https:\/\/cabinet-jpt.com\/BLOG\/wp-content\/uploads\/2019\/10\/LogoJp-e1533578331213.png\",\"width\":156,\"height\":140,\"caption\":\"Cabinet Jean-Philippe Toutut Consultants\"},\"image\":{\"@id\":\"https:\/\/cabinet-jpt.com\/BLOG\/#\/schema\/logo\/image\/\"},\"sameAs\":[\"https:\/\/www.facebook.com\/CabinetJPTconsultants\",\"https:\/\/x.com\/JeanToutut\",\"https:\/\/www.pinterest.es\/CabinetJPTC\"]},{\"@type\":\"Person\",\"@id\":\"https:\/\/cabinet-jpt.com\/BLOG\/#\/schema\/person\/ecde2d3555cc43b2de221bf9a98862c8\",\"name\":\"blogjpt\",\"image\":{\"@type\":\"ImageObject\",\"inLanguage\":\"fr-FR\",\"@id\":\"https:\/\/secure.gravatar.com\/avatar\/cd755de689901b5fa62ef49013cb4333f49f3b1bb35f01ecc7cf6c0f4a7b5ef9?s=96&d=mm&r=g\",\"url\":\"https:\/\/secure.gravatar.com\/avatar\/cd755de689901b5fa62ef49013cb4333f49f3b1bb35f01ecc7cf6c0f4a7b5ef9?s=96&d=mm&r=g\",\"contentUrl\":\"https:\/\/secure.gravatar.com\/avatar\/cd755de689901b5fa62ef49013cb4333f49f3b1bb35f01ecc7cf6c0f4a7b5ef9?s=96&d=mm&r=g\",\"caption\":\"blogjpt\"},\"url\":\"https:\/\/cabinet-jpt.com\/BLOG\/?author=1\"}]}<\/script>\n<!-- \/ Yoast SEO plugin. -->","yoast_head_json":{"title":"L\u2019Ethique du projet, secteur sant\u00e9 \u2013 social (II) - BLOG","description":"Ethique du projet, projet \u00e9thique, ne peuvent se tenir et s\u2019\u00e9panouir dans l\u2019\u00e9tablissement que s\u2019ils sont en phase avec l\u2019\u00e9thique du chef ou du dirigeant.","robots":{"index":"index","follow":"follow","max-snippet":"max-snippet:-1","max-image-preview":"max-image-preview:large","max-video-preview":"max-video-preview:-1"},"canonical":"https:\/\/cabinet-jpt.com\/BLOG\/?p=392","og_locale":"fr_FR","og_type":"article","og_title":"L\u2019Ethique du projet, secteur sant\u00e9 \u2013 social (II) - BLOG","og_description":"Ethique du projet, projet \u00e9thique, ne peuvent se tenir et s\u2019\u00e9panouir dans l\u2019\u00e9tablissement que s\u2019ils sont en phase avec l\u2019\u00e9thique du chef ou du dirigeant.","og_url":"https:\/\/cabinet-jpt.com\/BLOG\/?p=392","og_site_name":"BLOG","article_publisher":"https:\/\/www.facebook.com\/CabinetJPTconsultants","article_published_time":"2021-04-24T07:53:55+00:00","article_modified_time":"2021-04-24T07:54:00+00:00","og_image":[{"width":1262,"height":1080,"url":"https:\/\/cabinet-jpt.com\/BLOG\/wp-content\/uploads\/2021\/04\/retraite-e1618648580644.jpg","type":"image\/jpeg"}],"author":"blogjpt","twitter_card":"summary_large_image","twitter_creator":"@JeanToutut","twitter_site":"@JeanToutut","twitter_misc":{"\u00c9crit par":"blogjpt","Dur\u00e9e de lecture estim\u00e9e":"5 minutes"},"schema":{"@context":"https:\/\/schema.org","@graph":[{"@type":"NewsArticle","@id":"https:\/\/cabinet-jpt.com\/BLOG\/?p=392#article","isPartOf":{"@id":"https:\/\/cabinet-jpt.com\/BLOG\/?p=392"},"author":{"name":"blogjpt","@id":"https:\/\/cabinet-jpt.com\/BLOG\/#\/schema\/person\/ecde2d3555cc43b2de221bf9a98862c8"},"headline":"L\u2019Ethique du projet, secteur sant\u00e9 \u2013 social (II)","datePublished":"2021-04-24T07:53:55+00:00","dateModified":"2021-04-24T07:54:00+00:00","mainEntityOfPage":{"@id":"https:\/\/cabinet-jpt.com\/BLOG\/?p=392"},"wordCount":1223,"commentCount":0,"publisher":{"@id":"https:\/\/cabinet-jpt.com\/BLOG\/#organization"},"image":{"@id":"https:\/\/cabinet-jpt.com\/BLOG\/?p=392#primaryimage"},"thumbnailUrl":"https:\/\/cabinet-jpt.com\/BLOG\/wp-content\/uploads\/2021\/04\/retraite-e1618648580644.jpg","articleSection":["Ethique et Management"],"inLanguage":"fr-FR","potentialAction":[{"@type":"CommentAction","name":"Comment","target":["https:\/\/cabinet-jpt.com\/BLOG\/?p=392#respond"]}]},{"@type":"WebPage","@id":"https:\/\/cabinet-jpt.com\/BLOG\/?p=392","url":"https:\/\/cabinet-jpt.com\/BLOG\/?p=392","name":"L\u2019Ethique du projet, secteur sant\u00e9 \u2013 social (II) - BLOG","isPartOf":{"@id":"https:\/\/cabinet-jpt.com\/BLOG\/#website"},"primaryImageOfPage":{"@id":"https:\/\/cabinet-jpt.com\/BLOG\/?p=392#primaryimage"},"image":{"@id":"https:\/\/cabinet-jpt.com\/BLOG\/?p=392#primaryimage"},"thumbnailUrl":"https:\/\/cabinet-jpt.com\/BLOG\/wp-content\/uploads\/2021\/04\/retraite-e1618648580644.jpg","datePublished":"2021-04-24T07:53:55+00:00","dateModified":"2021-04-24T07:54:00+00:00","description":"Ethique du projet, projet \u00e9thique, ne peuvent se tenir et s\u2019\u00e9panouir dans l\u2019\u00e9tablissement que s\u2019ils sont en phase avec l\u2019\u00e9thique du chef ou du dirigeant.","breadcrumb":{"@id":"https:\/\/cabinet-jpt.com\/BLOG\/?p=392#breadcrumb"},"inLanguage":"fr-FR","potentialAction":[{"@type":"ReadAction","target":["https:\/\/cabinet-jpt.com\/BLOG\/?p=392"]}]},{"@type":"ImageObject","inLanguage":"fr-FR","@id":"https:\/\/cabinet-jpt.com\/BLOG\/?p=392#primaryimage","url":"https:\/\/cabinet-jpt.com\/BLOG\/wp-content\/uploads\/2021\/04\/retraite-e1618648580644.jpg","contentUrl":"https:\/\/cabinet-jpt.com\/BLOG\/wp-content\/uploads\/2021\/04\/retraite-e1618648580644.jpg","width":1262,"height":1080},{"@type":"BreadcrumbList","@id":"https:\/\/cabinet-jpt.com\/BLOG\/?p=392#breadcrumb","itemListElement":[{"@type":"ListItem","position":1,"name":"Accueil","item":"https:\/\/cabinet-jpt.com\/BLOG"},{"@type":"ListItem","position":2,"name":"L\u2019Ethique du projet, secteur sant\u00e9 \u2013 social (II)"}]},{"@type":"WebSite","@id":"https:\/\/cabinet-jpt.com\/BLOG\/#website","url":"https:\/\/cabinet-jpt.com\/BLOG\/","name":"BLOG","description":"","publisher":{"@id":"https:\/\/cabinet-jpt.com\/BLOG\/#organization"},"potentialAction":[{"@type":"SearchAction","target":{"@type":"EntryPoint","urlTemplate":"https:\/\/cabinet-jpt.com\/BLOG\/?s={search_term_string}"},"query-input":{"@type":"PropertyValueSpecification","valueRequired":true,"valueName":"search_term_string"}}],"inLanguage":"fr-FR"},{"@type":"Organization","@id":"https:\/\/cabinet-jpt.com\/BLOG\/#organization","name":"Cabinet Jean-Philippe Toutut Consultants","url":"https:\/\/cabinet-jpt.com\/BLOG\/","logo":{"@type":"ImageObject","inLanguage":"fr-FR","@id":"https:\/\/cabinet-jpt.com\/BLOG\/#\/schema\/logo\/image\/","url":"https:\/\/cabinet-jpt.com\/BLOG\/wp-content\/uploads\/2019\/10\/LogoJp-e1533578331213.png","contentUrl":"https:\/\/cabinet-jpt.com\/BLOG\/wp-content\/uploads\/2019\/10\/LogoJp-e1533578331213.png","width":156,"height":140,"caption":"Cabinet Jean-Philippe Toutut Consultants"},"image":{"@id":"https:\/\/cabinet-jpt.com\/BLOG\/#\/schema\/logo\/image\/"},"sameAs":["https:\/\/www.facebook.com\/CabinetJPTconsultants","https:\/\/x.com\/JeanToutut","https:\/\/www.pinterest.es\/CabinetJPTC"]},{"@type":"Person","@id":"https:\/\/cabinet-jpt.com\/BLOG\/#\/schema\/person\/ecde2d3555cc43b2de221bf9a98862c8","name":"blogjpt","image":{"@type":"ImageObject","inLanguage":"fr-FR","@id":"https:\/\/secure.gravatar.com\/avatar\/cd755de689901b5fa62ef49013cb4333f49f3b1bb35f01ecc7cf6c0f4a7b5ef9?s=96&d=mm&r=g","url":"https:\/\/secure.gravatar.com\/avatar\/cd755de689901b5fa62ef49013cb4333f49f3b1bb35f01ecc7cf6c0f4a7b5ef9?s=96&d=mm&r=g","contentUrl":"https:\/\/secure.gravatar.com\/avatar\/cd755de689901b5fa62ef49013cb4333f49f3b1bb35f01ecc7cf6c0f4a7b5ef9?s=96&d=mm&r=g","caption":"blogjpt"},"url":"https:\/\/cabinet-jpt.com\/BLOG\/?author=1"}]}},"jetpack_publicize_connections":[],"jetpack_featured_media_url":"https:\/\/cabinet-jpt.com\/BLOG\/wp-content\/uploads\/2021\/04\/retraite-e1618648580644.jpg","jetpack_sharing_enabled":true,"jetpack_likes_enabled":true,"post_mailing_queue_ids":[],"_links":{"self":[{"href":"https:\/\/cabinet-jpt.com\/BLOG\/index.php?rest_route=\/wp\/v2\/posts\/392","targetHints":{"allow":["GET"]}}],"collection":[{"href":"https:\/\/cabinet-jpt.com\/BLOG\/index.php?rest_route=\/wp\/v2\/posts"}],"about":[{"href":"https:\/\/cabinet-jpt.com\/BLOG\/index.php?rest_route=\/wp\/v2\/types\/post"}],"author":[{"embeddable":true,"href":"https:\/\/cabinet-jpt.com\/BLOG\/index.php?rest_route=\/wp\/v2\/users\/1"}],"replies":[{"embeddable":true,"href":"https:\/\/cabinet-jpt.com\/BLOG\/index.php?rest_route=%2Fwp%2Fv2%2Fcomments&post=392"}],"version-history":[{"count":-4,"href":"https:\/\/cabinet-jpt.com\/BLOG\/index.php?rest_route=\/wp\/v2\/posts\/392\/revisions"}],"wp:featuredmedia":[{"embeddable":true,"href":"https:\/\/cabinet-jpt.com\/BLOG\/index.php?rest_route=\/wp\/v2\/media\/388"}],"wp:attachment":[{"href":"https:\/\/cabinet-jpt.com\/BLOG\/index.php?rest_route=%2Fwp%2Fv2%2Fmedia&parent=392"}],"wp:term":[{"taxonomy":"category","embeddable":true,"href":"https:\/\/cabinet-jpt.com\/BLOG\/index.php?rest_route=%2Fwp%2Fv2%2Fcategories&post=392"},{"taxonomy":"post_tag","embeddable":true,"href":"https:\/\/cabinet-jpt.com\/BLOG\/index.php?rest_route=%2Fwp%2Fv2%2Ftags&post=392"}],"curies":[{"name":"wp","href":"https:\/\/api.w.org\/{rel}","templated":true}]}}