{"id":689,"date":"2025-03-17T16:22:54","date_gmt":"2025-03-17T15:22:54","guid":{"rendered":"https:\/\/cabinet-jpt.com\/BLOG\/?p=689"},"modified":"2025-03-17T16:22:55","modified_gmt":"2025-03-17T15:22:55","slug":"a-paraitre-nouvelles-publications-sur-la-qvct-et-les-defis-du-travail","status":"publish","type":"post","link":"https:\/\/cabinet-jpt.com\/BLOG\/?p=689","title":{"rendered":"\u00c0 para\u00eetre : nouvelles publications sur la QVCT et les d\u00e9fis du travail"},"content":{"rendered":"\n<p>Nous avons le plaisir de vous annoncer deux publications \u00e0 venir, qui apporteront un \u00e9clairage essentiel sur des sujets au c\u0153ur des pr\u00e9occupations des entreprises et des salari\u00e9s.<\/p>\n\n\n\n<h2 class=\"wp-block-heading\">Un article \u00e0 para\u00eetre sur les \u00ab irritants au travail \u00bb<\/h2>\n\n\n\n<p>Jean-Philippe Toutut publiera prochainement un article dans <em>Les Cahiers de l\u2019Actif<\/em>, consacr\u00e9 aux <strong>irritants au travail<\/strong>. Ce sujet, en apparence anodin, est pourtant un facteur majeur de tensions dans l\u2019environnement professionnel. Ces petits d\u00e9sagr\u00e9ments du quotidien, souvent sous-estim\u00e9s, peuvent progressivement empoisonner la vie au travail, engendrer des conflits et m\u00eame conduire \u00e0 des situations de <strong>maltraitance, d\u2019incivilit\u00e9 ou de souffrance au travail<\/strong>. Cet article d\u00e9cryptera ces ph\u00e9nom\u00e8nes et proposera des pistes d\u2019action pour les pr\u00e9venir et les g\u00e9rer efficacement.<\/p>\n\n\n\n<h2 class=\"wp-block-heading\">Un ouvrage en pr\u00e9paration sur les nouveaux outils de la QVCT<\/h2>\n\n\n\n<p>Dans la continuit\u00e9 de son engagement pour la <strong>Qualit\u00e9 de Vie et des Conditions de Travail (QVCT)<\/strong>, Jean-Philippe Toutut pr\u00e9pare une actualisation de son ouvrage <em>La QVT<\/em> (paru en 2021). Cette nouvelle \u00e9dition ira encore plus loin en proposant un <strong>\u00e9ventail \u00e9largi d\u2019outils et de conseils techniques<\/strong>, adapt\u00e9s aux \u00e9volutions r\u00e9centes du monde du travail.<\/p>\n\n\n\n<p>Cet ouvrage mettra en perspective la QVCT dans une approche plus globale, en int\u00e9grant des liens strat\u00e9giques avec les d\u00e9marches de <strong>Responsabilit\u00e9 Soci\u00e9tale des Entreprises (RSE)<\/strong>. Dans un contexte o\u00f9 ces enjeux deviennent incontournables, cette mise \u00e0 jour offrira aux professionnels des cl\u00e9s pour mieux concilier performance et bien-\u00eatre au travail.<\/p>\n\n\n\n<p>Restez connect\u00e9s pour en savoir plus sur ces publications et ne manquez pas ces ressources pr\u00e9cieuses pour am\u00e9liorer la qualit\u00e9 de vie au travail !<\/p>\n","protected":false},"excerpt":{"rendered":"<p>Nous avons le plaisir de vous annoncer deux publications \u00e0 venir, qui apporteront un \u00e9clairage essentiel sur des sujets au c\u0153ur des pr\u00e9occupations des entreprises et des salari\u00e9s. Un article \u00e0 para\u00eetre sur les \u00ab irritants au travail \u00bb Jean-Philippe Toutut publiera prochainement un article dans Les Cahiers de l\u2019Actif, consacr\u00e9 aux irritants au travail. [&hellip;]<\/p>\n","protected":false},"author":1,"featured_media":435,"comment_status":"open","ping_status":"open","sticky":false,"template":"","format":"standard","meta":{"_jetpack_memberships_contains_paid_content":false,"footnotes":"","jetpack_publicize_message":"","jetpack_publicize_feature_enabled":true,"jetpack_social_post_already_shared":true,"jetpack_social_options":{"image_generator_settings":{"template":"highway","default_image_id":0,"font":"","enabled":false},"version":2}},"categories":[1],"tags":[],"class_list":["post-689","post","type-post","status-publish","format-standard","has-post-thumbnail","hentry","category-nouvelles"],"yoast_head":"<!-- This site is optimized with the Yoast SEO plugin v27.2 - https:\/\/yoast.com\/product\/yoast-seo-wordpress\/ -->\n<title>\u00c0 para\u00eetre : nouvelles publications sur la QVCT et les d\u00e9fis du travail - BLOG<\/title>\n<meta name=\"robots\" content=\"index, follow, max-snippet:-1, max-image-preview:large, max-video-preview:-1\" \/>\n<link rel=\"canonical\" href=\"https:\/\/cabinet-jpt.com\/BLOG\/?p=689\" \/>\n<meta property=\"og:locale\" content=\"fr_FR\" \/>\n<meta property=\"og:type\" content=\"article\" \/>\n<meta property=\"og:title\" content=\"\u00c0 para\u00eetre : nouvelles publications sur la QVCT et les d\u00e9fis du travail - BLOG\" \/>\n<meta property=\"og:description\" content=\"Nous avons le plaisir de vous annoncer deux publications \u00e0 venir, qui apporteront un \u00e9clairage essentiel sur des sujets au c\u0153ur des pr\u00e9occupations des entreprises et des salari\u00e9s. Un article \u00e0 para\u00eetre sur les \u00ab irritants au travail \u00bb Jean-Philippe Toutut publiera prochainement un article dans Les Cahiers de l\u2019Actif, consacr\u00e9 aux irritants au travail. [&hellip;]\" \/>\n<meta property=\"og:url\" content=\"https:\/\/cabinet-jpt.com\/BLOG\/?p=689\" \/>\n<meta property=\"og:site_name\" content=\"BLOG\" \/>\n<meta property=\"article:publisher\" content=\"https:\/\/www.facebook.com\/CabinetJPTconsultants\" \/>\n<meta property=\"article:published_time\" content=\"2025-03-17T15:22:54+00:00\" \/>\n<meta property=\"article:modified_time\" content=\"2025-03-17T15:22:55+00:00\" \/>\n<meta property=\"og:image\" content=\"https:\/\/cabinet-jpt.com\/BLOG\/wp-content\/uploads\/2021\/10\/9782842762742-qualite-travail_g.jpg\" \/>\n\t<meta property=\"og:image:width\" content=\"300\" \/>\n\t<meta property=\"og:image:height\" content=\"443\" \/>\n\t<meta property=\"og:image:type\" content=\"image\/jpeg\" \/>\n<meta name=\"author\" content=\"blogjpt\" \/>\n<meta name=\"twitter:card\" content=\"summary_large_image\" \/>\n<meta name=\"twitter:creator\" content=\"@JeanToutut\" \/>\n<meta name=\"twitter:site\" content=\"@JeanToutut\" \/>\n<meta name=\"twitter:label1\" content=\"\u00c9crit par\" \/>\n\t<meta name=\"twitter:data1\" content=\"blogjpt\" \/>\n\t<meta name=\"twitter:label2\" content=\"Dur\u00e9e de lecture estim\u00e9e\" \/>\n\t<meta name=\"twitter:data2\" content=\"2 minutes\" \/>\n<script type=\"application\/ld+json\" class=\"yoast-schema-graph\">{\"@context\":\"https:\/\/schema.org\",\"@graph\":[{\"@type\":\"NewsArticle\",\"@id\":\"https:\/\/cabinet-jpt.com\/BLOG\/?p=689#article\",\"isPartOf\":{\"@id\":\"https:\/\/cabinet-jpt.com\/BLOG\/?p=689\"},\"author\":{\"name\":\"blogjpt\",\"@id\":\"https:\/\/cabinet-jpt.com\/BLOG\/#\/schema\/person\/ecde2d3555cc43b2de221bf9a98862c8\"},\"headline\":\"\u00c0 para\u00eetre : nouvelles publications sur la QVCT et les d\u00e9fis du travail\",\"datePublished\":\"2025-03-17T15:22:54+00:00\",\"dateModified\":\"2025-03-17T15:22:55+00:00\",\"mainEntityOfPage\":{\"@id\":\"https:\/\/cabinet-jpt.com\/BLOG\/?p=689\"},\"wordCount\":296,\"commentCount\":0,\"publisher\":{\"@id\":\"https:\/\/cabinet-jpt.com\/BLOG\/#organization\"},\"image\":{\"@id\":\"https:\/\/cabinet-jpt.com\/BLOG\/?p=689#primaryimage\"},\"thumbnailUrl\":\"https:\/\/cabinet-jpt.com\/BLOG\/wp-content\/uploads\/2021\/10\/9782842762742-qualite-travail_g.jpg\",\"articleSection\":[\"Actualit\u00e9s\"],\"inLanguage\":\"fr-FR\",\"potentialAction\":[{\"@type\":\"CommentAction\",\"name\":\"Comment\",\"target\":[\"https:\/\/cabinet-jpt.com\/BLOG\/?p=689#respond\"]}]},{\"@type\":\"WebPage\",\"@id\":\"https:\/\/cabinet-jpt.com\/BLOG\/?p=689\",\"url\":\"https:\/\/cabinet-jpt.com\/BLOG\/?p=689\",\"name\":\"\u00c0 para\u00eetre : nouvelles publications sur la QVCT et les d\u00e9fis du travail - BLOG\",\"isPartOf\":{\"@id\":\"https:\/\/cabinet-jpt.com\/BLOG\/#website\"},\"primaryImageOfPage\":{\"@id\":\"https:\/\/cabinet-jpt.com\/BLOG\/?p=689#primaryimage\"},\"image\":{\"@id\":\"https:\/\/cabinet-jpt.com\/BLOG\/?p=689#primaryimage\"},\"thumbnailUrl\":\"https:\/\/cabinet-jpt.com\/BLOG\/wp-content\/uploads\/2021\/10\/9782842762742-qualite-travail_g.jpg\",\"datePublished\":\"2025-03-17T15:22:54+00:00\",\"dateModified\":\"2025-03-17T15:22:55+00:00\",\"breadcrumb\":{\"@id\":\"https:\/\/cabinet-jpt.com\/BLOG\/?p=689#breadcrumb\"},\"inLanguage\":\"fr-FR\",\"potentialAction\":[{\"@type\":\"ReadAction\",\"target\":[\"https:\/\/cabinet-jpt.com\/BLOG\/?p=689\"]}]},{\"@type\":\"ImageObject\",\"inLanguage\":\"fr-FR\",\"@id\":\"https:\/\/cabinet-jpt.com\/BLOG\/?p=689#primaryimage\",\"url\":\"https:\/\/cabinet-jpt.com\/BLOG\/wp-content\/uploads\/2021\/10\/9782842762742-qualite-travail_g.jpg\",\"contentUrl\":\"https:\/\/cabinet-jpt.com\/BLOG\/wp-content\/uploads\/2021\/10\/9782842762742-qualite-travail_g.jpg\",\"width\":300,\"height\":443},{\"@type\":\"BreadcrumbList\",\"@id\":\"https:\/\/cabinet-jpt.com\/BLOG\/?p=689#breadcrumb\",\"itemListElement\":[{\"@type\":\"ListItem\",\"position\":1,\"name\":\"Accueil\",\"item\":\"https:\/\/cabinet-jpt.com\/BLOG\"},{\"@type\":\"ListItem\",\"position\":2,\"name\":\"\u00c0 para\u00eetre : nouvelles publications sur la QVCT et les d\u00e9fis du travail\"}]},{\"@type\":\"WebSite\",\"@id\":\"https:\/\/cabinet-jpt.com\/BLOG\/#website\",\"url\":\"https:\/\/cabinet-jpt.com\/BLOG\/\",\"name\":\"BLOG\",\"description\":\"\",\"publisher\":{\"@id\":\"https:\/\/cabinet-jpt.com\/BLOG\/#organization\"},\"potentialAction\":[{\"@type\":\"SearchAction\",\"target\":{\"@type\":\"EntryPoint\",\"urlTemplate\":\"https:\/\/cabinet-jpt.com\/BLOG\/?s={search_term_string}\"},\"query-input\":{\"@type\":\"PropertyValueSpecification\",\"valueRequired\":true,\"valueName\":\"search_term_string\"}}],\"inLanguage\":\"fr-FR\"},{\"@type\":\"Organization\",\"@id\":\"https:\/\/cabinet-jpt.com\/BLOG\/#organization\",\"name\":\"Cabinet Jean-Philippe Toutut Consultants\",\"url\":\"https:\/\/cabinet-jpt.com\/BLOG\/\",\"logo\":{\"@type\":\"ImageObject\",\"inLanguage\":\"fr-FR\",\"@id\":\"https:\/\/cabinet-jpt.com\/BLOG\/#\/schema\/logo\/image\/\",\"url\":\"https:\/\/cabinet-jpt.com\/BLOG\/wp-content\/uploads\/2019\/10\/LogoJp-e1533578331213.png\",\"contentUrl\":\"https:\/\/cabinet-jpt.com\/BLOG\/wp-content\/uploads\/2019\/10\/LogoJp-e1533578331213.png\",\"width\":156,\"height\":140,\"caption\":\"Cabinet Jean-Philippe Toutut Consultants\"},\"image\":{\"@id\":\"https:\/\/cabinet-jpt.com\/BLOG\/#\/schema\/logo\/image\/\"},\"sameAs\":[\"https:\/\/www.facebook.com\/CabinetJPTconsultants\",\"https:\/\/x.com\/JeanToutut\",\"https:\/\/www.pinterest.es\/CabinetJPTC\"]},{\"@type\":\"Person\",\"@id\":\"https:\/\/cabinet-jpt.com\/BLOG\/#\/schema\/person\/ecde2d3555cc43b2de221bf9a98862c8\",\"name\":\"blogjpt\",\"image\":{\"@type\":\"ImageObject\",\"inLanguage\":\"fr-FR\",\"@id\":\"https:\/\/secure.gravatar.com\/avatar\/cd755de689901b5fa62ef49013cb4333f49f3b1bb35f01ecc7cf6c0f4a7b5ef9?s=96&d=mm&r=g\",\"url\":\"https:\/\/secure.gravatar.com\/avatar\/cd755de689901b5fa62ef49013cb4333f49f3b1bb35f01ecc7cf6c0f4a7b5ef9?s=96&d=mm&r=g\",\"contentUrl\":\"https:\/\/secure.gravatar.com\/avatar\/cd755de689901b5fa62ef49013cb4333f49f3b1bb35f01ecc7cf6c0f4a7b5ef9?s=96&d=mm&r=g\",\"caption\":\"blogjpt\"},\"url\":\"https:\/\/cabinet-jpt.com\/BLOG\/?author=1\"}]}<\/script>\n<!-- \/ Yoast SEO plugin. -->","yoast_head_json":{"title":"\u00c0 para\u00eetre : nouvelles publications sur la QVCT et les d\u00e9fis du travail - BLOG","robots":{"index":"index","follow":"follow","max-snippet":"max-snippet:-1","max-image-preview":"max-image-preview:large","max-video-preview":"max-video-preview:-1"},"canonical":"https:\/\/cabinet-jpt.com\/BLOG\/?p=689","og_locale":"fr_FR","og_type":"article","og_title":"\u00c0 para\u00eetre : nouvelles publications sur la QVCT et les d\u00e9fis du travail - BLOG","og_description":"Nous avons le plaisir de vous annoncer deux publications \u00e0 venir, qui apporteront un \u00e9clairage essentiel sur des sujets au c\u0153ur des pr\u00e9occupations des entreprises et des salari\u00e9s. Un article \u00e0 para\u00eetre sur les \u00ab irritants au travail \u00bb Jean-Philippe Toutut publiera prochainement un article dans Les Cahiers de l\u2019Actif, consacr\u00e9 aux irritants au travail. [&hellip;]","og_url":"https:\/\/cabinet-jpt.com\/BLOG\/?p=689","og_site_name":"BLOG","article_publisher":"https:\/\/www.facebook.com\/CabinetJPTconsultants","article_published_time":"2025-03-17T15:22:54+00:00","article_modified_time":"2025-03-17T15:22:55+00:00","og_image":[{"width":300,"height":443,"url":"https:\/\/cabinet-jpt.com\/BLOG\/wp-content\/uploads\/2021\/10\/9782842762742-qualite-travail_g.jpg","type":"image\/jpeg"}],"author":"blogjpt","twitter_card":"summary_large_image","twitter_creator":"@JeanToutut","twitter_site":"@JeanToutut","twitter_misc":{"\u00c9crit par":"blogjpt","Dur\u00e9e de lecture estim\u00e9e":"2 minutes"},"schema":{"@context":"https:\/\/schema.org","@graph":[{"@type":"NewsArticle","@id":"https:\/\/cabinet-jpt.com\/BLOG\/?p=689#article","isPartOf":{"@id":"https:\/\/cabinet-jpt.com\/BLOG\/?p=689"},"author":{"name":"blogjpt","@id":"https:\/\/cabinet-jpt.com\/BLOG\/#\/schema\/person\/ecde2d3555cc43b2de221bf9a98862c8"},"headline":"\u00c0 para\u00eetre : nouvelles publications sur la QVCT et les d\u00e9fis du travail","datePublished":"2025-03-17T15:22:54+00:00","dateModified":"2025-03-17T15:22:55+00:00","mainEntityOfPage":{"@id":"https:\/\/cabinet-jpt.com\/BLOG\/?p=689"},"wordCount":296,"commentCount":0,"publisher":{"@id":"https:\/\/cabinet-jpt.com\/BLOG\/#organization"},"image":{"@id":"https:\/\/cabinet-jpt.com\/BLOG\/?p=689#primaryimage"},"thumbnailUrl":"https:\/\/cabinet-jpt.com\/BLOG\/wp-content\/uploads\/2021\/10\/9782842762742-qualite-travail_g.jpg","articleSection":["Actualit\u00e9s"],"inLanguage":"fr-FR","potentialAction":[{"@type":"CommentAction","name":"Comment","target":["https:\/\/cabinet-jpt.com\/BLOG\/?p=689#respond"]}]},{"@type":"WebPage","@id":"https:\/\/cabinet-jpt.com\/BLOG\/?p=689","url":"https:\/\/cabinet-jpt.com\/BLOG\/?p=689","name":"\u00c0 para\u00eetre : nouvelles publications sur la QVCT et les d\u00e9fis du travail - BLOG","isPartOf":{"@id":"https:\/\/cabinet-jpt.com\/BLOG\/#website"},"primaryImageOfPage":{"@id":"https:\/\/cabinet-jpt.com\/BLOG\/?p=689#primaryimage"},"image":{"@id":"https:\/\/cabinet-jpt.com\/BLOG\/?p=689#primaryimage"},"thumbnailUrl":"https:\/\/cabinet-jpt.com\/BLOG\/wp-content\/uploads\/2021\/10\/9782842762742-qualite-travail_g.jpg","datePublished":"2025-03-17T15:22:54+00:00","dateModified":"2025-03-17T15:22:55+00:00","breadcrumb":{"@id":"https:\/\/cabinet-jpt.com\/BLOG\/?p=689#breadcrumb"},"inLanguage":"fr-FR","potentialAction":[{"@type":"ReadAction","target":["https:\/\/cabinet-jpt.com\/BLOG\/?p=689"]}]},{"@type":"ImageObject","inLanguage":"fr-FR","@id":"https:\/\/cabinet-jpt.com\/BLOG\/?p=689#primaryimage","url":"https:\/\/cabinet-jpt.com\/BLOG\/wp-content\/uploads\/2021\/10\/9782842762742-qualite-travail_g.jpg","contentUrl":"https:\/\/cabinet-jpt.com\/BLOG\/wp-content\/uploads\/2021\/10\/9782842762742-qualite-travail_g.jpg","width":300,"height":443},{"@type":"BreadcrumbList","@id":"https:\/\/cabinet-jpt.com\/BLOG\/?p=689#breadcrumb","itemListElement":[{"@type":"ListItem","position":1,"name":"Accueil","item":"https:\/\/cabinet-jpt.com\/BLOG"},{"@type":"ListItem","position":2,"name":"\u00c0 para\u00eetre : nouvelles publications sur la QVCT et les d\u00e9fis du travail"}]},{"@type":"WebSite","@id":"https:\/\/cabinet-jpt.com\/BLOG\/#website","url":"https:\/\/cabinet-jpt.com\/BLOG\/","name":"BLOG","description":"","publisher":{"@id":"https:\/\/cabinet-jpt.com\/BLOG\/#organization"},"potentialAction":[{"@type":"SearchAction","target":{"@type":"EntryPoint","urlTemplate":"https:\/\/cabinet-jpt.com\/BLOG\/?s={search_term_string}"},"query-input":{"@type":"PropertyValueSpecification","valueRequired":true,"valueName":"search_term_string"}}],"inLanguage":"fr-FR"},{"@type":"Organization","@id":"https:\/\/cabinet-jpt.com\/BLOG\/#organization","name":"Cabinet Jean-Philippe Toutut Consultants","url":"https:\/\/cabinet-jpt.com\/BLOG\/","logo":{"@type":"ImageObject","inLanguage":"fr-FR","@id":"https:\/\/cabinet-jpt.com\/BLOG\/#\/schema\/logo\/image\/","url":"https:\/\/cabinet-jpt.com\/BLOG\/wp-content\/uploads\/2019\/10\/LogoJp-e1533578331213.png","contentUrl":"https:\/\/cabinet-jpt.com\/BLOG\/wp-content\/uploads\/2019\/10\/LogoJp-e1533578331213.png","width":156,"height":140,"caption":"Cabinet Jean-Philippe Toutut Consultants"},"image":{"@id":"https:\/\/cabinet-jpt.com\/BLOG\/#\/schema\/logo\/image\/"},"sameAs":["https:\/\/www.facebook.com\/CabinetJPTconsultants","https:\/\/x.com\/JeanToutut","https:\/\/www.pinterest.es\/CabinetJPTC"]},{"@type":"Person","@id":"https:\/\/cabinet-jpt.com\/BLOG\/#\/schema\/person\/ecde2d3555cc43b2de221bf9a98862c8","name":"blogjpt","image":{"@type":"ImageObject","inLanguage":"fr-FR","@id":"https:\/\/secure.gravatar.com\/avatar\/cd755de689901b5fa62ef49013cb4333f49f3b1bb35f01ecc7cf6c0f4a7b5ef9?s=96&d=mm&r=g","url":"https:\/\/secure.gravatar.com\/avatar\/cd755de689901b5fa62ef49013cb4333f49f3b1bb35f01ecc7cf6c0f4a7b5ef9?s=96&d=mm&r=g","contentUrl":"https:\/\/secure.gravatar.com\/avatar\/cd755de689901b5fa62ef49013cb4333f49f3b1bb35f01ecc7cf6c0f4a7b5ef9?s=96&d=mm&r=g","caption":"blogjpt"},"url":"https:\/\/cabinet-jpt.com\/BLOG\/?author=1"}]}},"jetpack_publicize_connections":[],"jetpack_featured_media_url":"https:\/\/cabinet-jpt.com\/BLOG\/wp-content\/uploads\/2021\/10\/9782842762742-qualite-travail_g.jpg","jetpack_sharing_enabled":true,"jetpack_likes_enabled":true,"post_mailing_queue_ids":[],"_links":{"self":[{"href":"https:\/\/cabinet-jpt.com\/BLOG\/index.php?rest_route=\/wp\/v2\/posts\/689","targetHints":{"allow":["GET"]}}],"collection":[{"href":"https:\/\/cabinet-jpt.com\/BLOG\/index.php?rest_route=\/wp\/v2\/posts"}],"about":[{"href":"https:\/\/cabinet-jpt.com\/BLOG\/index.php?rest_route=\/wp\/v2\/types\/post"}],"author":[{"embeddable":true,"href":"https:\/\/cabinet-jpt.com\/BLOG\/index.php?rest_route=\/wp\/v2\/users\/1"}],"replies":[{"embeddable":true,"href":"https:\/\/cabinet-jpt.com\/BLOG\/index.php?rest_route=%2Fwp%2Fv2%2Fcomments&post=689"}],"version-history":[{"count":-4,"href":"https:\/\/cabinet-jpt.com\/BLOG\/index.php?rest_route=\/wp\/v2\/posts\/689\/revisions"}],"wp:featuredmedia":[{"embeddable":true,"href":"https:\/\/cabinet-jpt.com\/BLOG\/index.php?rest_route=\/wp\/v2\/media\/435"}],"wp:attachment":[{"href":"https:\/\/cabinet-jpt.com\/BLOG\/index.php?rest_route=%2Fwp%2Fv2%2Fmedia&parent=689"}],"wp:term":[{"taxonomy":"category","embeddable":true,"href":"https:\/\/cabinet-jpt.com\/BLOG\/index.php?rest_route=%2Fwp%2Fv2%2Fcategories&post=689"},{"taxonomy":"post_tag","embeddable":true,"href":"https:\/\/cabinet-jpt.com\/BLOG\/index.php?rest_route=%2Fwp%2Fv2%2Ftags&post=689"}],"curies":[{"name":"wp","href":"https:\/\/api.w.org\/{rel}","templated":true}]}}