{"id":691,"date":"2025-03-18T17:57:01","date_gmt":"2025-03-18T16:57:01","guid":{"rendered":"https:\/\/cabinet-jpt.com\/BLOG\/?p=691"},"modified":"2025-09-03T14:13:09","modified_gmt":"2025-09-03T12:13:09","slug":"deux-conferences-majeures-de-jean-philippe-toutut-a-venir-qualite-de-vie-au-travail-et-ethique-en-milieu-institutionnel","status":"publish","type":"post","link":"https:\/\/cabinet-jpt.com\/BLOG\/?p=691","title":{"rendered":"Deux conf\u00e9rences majeures de Jean-Philippe Toutut \u00e0 venir : Qualit\u00e9 de Vie au Travail et \u00c9thique en Milieu Institutionnel"},"content":{"rendered":"\n<h3 class=\"wp-block-heading\">Le cabinet a le plaisir d\u2019annoncer deux interventions tr\u00e8s attendues de <strong>Jean-Philippe Toutut<\/strong>, qui illustrent pleinement notre engagement envers la transformation des organisations et le bien-\u00eatre au travail.<\/h3>\n\n\n\n<h4 class=\"wp-block-heading\"><strong>1\ufe0f\u20e3 Conf\u00e9rence sur la Qualit\u00e9 de Vie et les Conditions de Travail (QVCT) \u2013 28 mai 2025<\/strong><\/h4>\n\n\n\n<p>\ud83d\udccd <strong>Rotary Club de Toulouse<\/strong><\/p>\n\n\n\n<p>Jean-Philippe Toutut interviendra le <strong>28 mai prochain<\/strong> devant le <strong>Rotary Club de Toulouse<\/strong> pour explorer la question cruciale de la <strong>Qualit\u00e9 de Vie et des Conditions de Travail (QVCT)<\/strong> en entreprise.<\/p>\n\n\n\n<p>\ud83c\udf31 <strong>Th\u00e8mes abord\u00e9s :<\/strong><\/p>\n\n\n\n<ul class=\"wp-block-list\">\n<li>L\u2019\u00e9volution et l\u2019actualit\u00e9 de la notion de QVCT<\/li>\n\n\n\n<li>Ses impacts sociaux et \u00e9conomiques<\/li>\n\n\n\n<li>Une approche pragmatique pour l\u2019am\u00e9liorer durablement<\/li>\n<\/ul>\n\n\n\n<p>Dans un contexte o\u00f9 les attentes des collaborateurs \u00e9voluent et o\u00f9 la recherche de sens au travail devient essentielle, cette conf\u00e9rence apportera un \u00e9clairage structurant sur les leviers permettant d\u2019instaurer un cadre de travail \u00e9panouissant et performant.<\/p>\n\n\n\n<hr class=\"wp-block-separator has-alpha-channel-opacity\"\/>\n\n\n\n<h4 class=\"wp-block-heading\"><strong>2\ufe0f\u20e3 Conf\u00e9rence sur l\u2019\u00c9thique et l\u2019Urgence Institutionnelle \u2013 12 juin 2025<\/strong><\/h4>\n\n\n\n<div data-wp-interactive=\"core\/file\" class=\"wp-block-file\"><object data-wp-bind--hidden=\"!state.hasPdfPreview\" hidden class=\"wp-block-file__embed\" data=\"https:\/\/cabinet-jpt.com\/BLOG\/wp-content\/uploads\/2025\/03\/Preprogramme-CS-2025-V2-148x210.pdf-a-diffuser.pdf\" type=\"application\/pdf\" style=\"width:100%;height:600px\" aria-label=\"Contenu embarqu\u00e9 Pre\u0301programme CS 2025 V2 148x210.pdf a\u0300 diffuser.\"><\/object><a id=\"wp-block-file--media-6e1fc696-1e77-41e3-807a-9bb144ed7ccd\" href=\"https:\/\/cabinet-jpt.com\/BLOG\/wp-content\/uploads\/2025\/03\/Preprogramme-CS-2025-V2-148x210.pdf-a-diffuser.pdf\">Pre\u0301programme CS 2025 V2 148&#215;210.pdf a\u0300 diffuser<\/a><a href=\"https:\/\/cabinet-jpt.com\/BLOG\/wp-content\/uploads\/2025\/03\/Preprogramme-CS-2025-V2-148x210.pdf-a-diffuser.pdf\" class=\"wp-block-file__button wp-element-button\" download aria-describedby=\"wp-block-file--media-6e1fc696-1e77-41e3-807a-9bb144ed7ccd\">T\u00e9l\u00e9charger<\/a><\/div>\n\n\n\n<p>\ud83d\udccd <strong>12\u00e8mes Journ\u00e9es Nationales des Cadres du Secteur M\u00e9dico-Social \u2013 Palais du Grand Large, Saint-Malo<\/strong><\/p>\n\n\n\n<p>Dans le cadre des <strong>12\u00e8mes Journ\u00e9es Nationales des Chef\u00b7fe\u00b7s de Service<\/strong>, qui se tiendront les <strong>12 et 13 juin 2025<\/strong> \u00e0 <strong>Saint-Malo<\/strong>, Jean-Philippe Toutut animera une <strong>conf\u00e9rence pl\u00e9ni\u00e8re<\/strong> sur un sujet de premi\u00e8re importance :<\/p>\n\n\n\n<p>\ud83d\uded1 <strong>\u00ab\u00a0L\u2019urgence de l\u2019\u00e9thique en regard des urgences institutionnelles\u00a0\u00bb<\/strong><\/p>\n\n\n\n<p>\ud83d\udca1 <strong>Objectifs de la conf\u00e9rence :<\/strong><\/p>\n\n\n\n<ul class=\"wp-block-list\">\n<li>D\u00e9crypter la tension entre la n\u00e9cessit\u00e9 d\u2019agir dans l\u2019urgence et le besoin d\u2019une r\u00e9flexion \u00e9thique approfondie.<\/li>\n\n\n\n<li>Montrer comment l\u2019\u00e9thique, loin d\u2019\u00eatre une contrainte suppl\u00e9mentaire, devient une <strong>valeur pivot<\/strong> dans la prise de d\u00e9cision.<\/li>\n\n\n\n<li>Proposer des rep\u00e8res concrets et des outils m\u00e9thodologiques pour int\u00e9grer l\u2019\u00e9thique dans les pratiques de management sous tension.<\/li>\n<\/ul>\n\n\n\n<p>\ud83d\udc65 <strong>\u00c0 qui s\u2019adresse cette conf\u00e9rence ?<\/strong><br>Aux <strong>cadres du secteur m\u00e9dico-social<\/strong>, qui doivent conjuguer gestion des crises, obligations administratives et accompagnement humain. La conf\u00e9rence mettra en lumi\u00e8re comment transformer la pression institutionnelle en opportunit\u00e9 de r\u00e9flexion et d\u2019am\u00e9lioration collective.<\/p>\n\n\n\n<p>Ces deux interventions s\u2019inscrivent pleinement dans la vocation du cabinet : <strong>accompagner les organisations vers plus de performance, de bien-\u00eatre et de sens<\/strong>.<\/p>\n\n\n\n<p>\ud83d\udcc5 <strong>Rendez-vous \u00e0 Toulouse le 28 mai et \u00e0 Saint-Malo le 12 juin pour ces moments d\u2019\u00e9change et d\u2019inspiration !<\/strong><\/p>\n","protected":false},"excerpt":{"rendered":"<p>Le cabinet a le plaisir d\u2019annoncer deux interventions tr\u00e8s attendues de Jean-Philippe Toutut, qui illustrent pleinement notre engagement envers la transformation des organisations et le bien-\u00eatre au travail. 1\ufe0f\u20e3 Conf\u00e9rence sur la Qualit\u00e9 de Vie et les Conditions de Travail (QVCT) \u2013 28 mai 2025 \ud83d\udccd Rotary Club de Toulouse Jean-Philippe Toutut interviendra le 28 [&hellip;]<\/p>\n","protected":false},"author":1,"featured_media":665,"comment_status":"open","ping_status":"open","sticky":false,"template":"","format":"standard","meta":{"_jetpack_memberships_contains_paid_content":false,"footnotes":"","jetpack_publicize_message":"","jetpack_publicize_feature_enabled":true,"jetpack_social_post_already_shared":true,"jetpack_social_options":{"image_generator_settings":{"template":"highway","default_image_id":0,"font":"","enabled":false},"version":2}},"categories":[1,6,3],"tags":[],"class_list":["post-691","post","type-post","status-publish","format-standard","has-post-thumbnail","hentry","category-nouvelles","category-ethique-et-management","category-qvt"],"yoast_head":"<!-- This site is optimized with the Yoast SEO plugin v27.2 - https:\/\/yoast.com\/product\/yoast-seo-wordpress\/ -->\n<title>Deux conf\u00e9rences majeures de Jean-Philippe Toutut \u00e0 venir : Qualit\u00e9 de Vie au Travail et \u00c9thique en Milieu Institutionnel - BLOG<\/title>\n<meta name=\"robots\" content=\"index, follow, max-snippet:-1, max-image-preview:large, max-video-preview:-1\" \/>\n<link rel=\"canonical\" href=\"https:\/\/cabinet-jpt.com\/BLOG\/?p=691\" \/>\n<meta property=\"og:locale\" content=\"fr_FR\" \/>\n<meta property=\"og:type\" content=\"article\" \/>\n<meta property=\"og:title\" content=\"Deux conf\u00e9rences majeures de Jean-Philippe Toutut \u00e0 venir : Qualit\u00e9 de Vie au Travail et \u00c9thique en Milieu Institutionnel - BLOG\" \/>\n<meta property=\"og:description\" content=\"Le cabinet a le plaisir d\u2019annoncer deux interventions tr\u00e8s attendues de Jean-Philippe Toutut, qui illustrent pleinement notre engagement envers la transformation des organisations et le bien-\u00eatre au travail. 1\ufe0f\u20e3 Conf\u00e9rence sur la Qualit\u00e9 de Vie et les Conditions de Travail (QVCT) \u2013 28 mai 2025 \ud83d\udccd Rotary Club de Toulouse Jean-Philippe Toutut interviendra le 28 [&hellip;]\" \/>\n<meta property=\"og:url\" content=\"https:\/\/cabinet-jpt.com\/BLOG\/?p=691\" \/>\n<meta property=\"og:site_name\" content=\"BLOG\" \/>\n<meta property=\"article:publisher\" content=\"https:\/\/www.facebook.com\/CabinetJPTconsultants\" \/>\n<meta property=\"article:published_time\" content=\"2025-03-18T16:57:01+00:00\" \/>\n<meta property=\"article:modified_time\" content=\"2025-09-03T12:13:09+00:00\" \/>\n<meta property=\"og:image\" content=\"https:\/\/cabinet-jpt.com\/BLOG\/wp-content\/uploads\/2024\/09\/Photo-JPT-en-conferencier-scaled.jpg\" \/>\n\t<meta property=\"og:image:width\" content=\"2560\" \/>\n\t<meta property=\"og:image:height\" content=\"1920\" \/>\n\t<meta property=\"og:image:type\" content=\"image\/jpeg\" \/>\n<meta name=\"author\" content=\"blogjpt\" \/>\n<meta name=\"twitter:card\" content=\"summary_large_image\" \/>\n<meta name=\"twitter:creator\" content=\"@JeanToutut\" \/>\n<meta name=\"twitter:site\" content=\"@JeanToutut\" \/>\n<meta name=\"twitter:label1\" content=\"\u00c9crit par\" \/>\n\t<meta name=\"twitter:data1\" content=\"blogjpt\" \/>\n\t<meta name=\"twitter:label2\" content=\"Dur\u00e9e de lecture estim\u00e9e\" \/>\n\t<meta name=\"twitter:data2\" content=\"2 minutes\" \/>\n<script type=\"application\/ld+json\" class=\"yoast-schema-graph\">{\"@context\":\"https:\/\/schema.org\",\"@graph\":[{\"@type\":\"NewsArticle\",\"@id\":\"https:\/\/cabinet-jpt.com\/BLOG\/?p=691#article\",\"isPartOf\":{\"@id\":\"https:\/\/cabinet-jpt.com\/BLOG\/?p=691\"},\"author\":{\"name\":\"blogjpt\",\"@id\":\"https:\/\/cabinet-jpt.com\/BLOG\/#\/schema\/person\/ecde2d3555cc43b2de221bf9a98862c8\"},\"headline\":\"Deux conf\u00e9rences majeures de Jean-Philippe Toutut \u00e0 venir : Qualit\u00e9 de Vie au Travail et \u00c9thique en Milieu Institutionnel\",\"datePublished\":\"2025-03-18T16:57:01+00:00\",\"dateModified\":\"2025-09-03T12:13:09+00:00\",\"mainEntityOfPage\":{\"@id\":\"https:\/\/cabinet-jpt.com\/BLOG\/?p=691\"},\"wordCount\":401,\"commentCount\":0,\"publisher\":{\"@id\":\"https:\/\/cabinet-jpt.com\/BLOG\/#organization\"},\"image\":{\"@id\":\"https:\/\/cabinet-jpt.com\/BLOG\/?p=691#primaryimage\"},\"thumbnailUrl\":\"https:\/\/cabinet-jpt.com\/BLOG\/wp-content\/uploads\/2024\/09\/Photo-JPT-en-conferencier-scaled.jpg\",\"articleSection\":[\"Actualit\u00e9s\",\"Ethique et Management\",\"Qualit\u00e9 de vie au travail (QVT)\"],\"inLanguage\":\"fr-FR\",\"potentialAction\":[{\"@type\":\"CommentAction\",\"name\":\"Comment\",\"target\":[\"https:\/\/cabinet-jpt.com\/BLOG\/?p=691#respond\"]}]},{\"@type\":\"WebPage\",\"@id\":\"https:\/\/cabinet-jpt.com\/BLOG\/?p=691\",\"url\":\"https:\/\/cabinet-jpt.com\/BLOG\/?p=691\",\"name\":\"Deux conf\u00e9rences majeures de Jean-Philippe Toutut \u00e0 venir : Qualit\u00e9 de Vie au Travail et \u00c9thique en Milieu Institutionnel - BLOG\",\"isPartOf\":{\"@id\":\"https:\/\/cabinet-jpt.com\/BLOG\/#website\"},\"primaryImageOfPage\":{\"@id\":\"https:\/\/cabinet-jpt.com\/BLOG\/?p=691#primaryimage\"},\"image\":{\"@id\":\"https:\/\/cabinet-jpt.com\/BLOG\/?p=691#primaryimage\"},\"thumbnailUrl\":\"https:\/\/cabinet-jpt.com\/BLOG\/wp-content\/uploads\/2024\/09\/Photo-JPT-en-conferencier-scaled.jpg\",\"datePublished\":\"2025-03-18T16:57:01+00:00\",\"dateModified\":\"2025-09-03T12:13:09+00:00\",\"breadcrumb\":{\"@id\":\"https:\/\/cabinet-jpt.com\/BLOG\/?p=691#breadcrumb\"},\"inLanguage\":\"fr-FR\",\"potentialAction\":[{\"@type\":\"ReadAction\",\"target\":[\"https:\/\/cabinet-jpt.com\/BLOG\/?p=691\"]}]},{\"@type\":\"ImageObject\",\"inLanguage\":\"fr-FR\",\"@id\":\"https:\/\/cabinet-jpt.com\/BLOG\/?p=691#primaryimage\",\"url\":\"https:\/\/cabinet-jpt.com\/BLOG\/wp-content\/uploads\/2024\/09\/Photo-JPT-en-conferencier-scaled.jpg\",\"contentUrl\":\"https:\/\/cabinet-jpt.com\/BLOG\/wp-content\/uploads\/2024\/09\/Photo-JPT-en-conferencier-scaled.jpg\",\"width\":2560,\"height\":1920},{\"@type\":\"BreadcrumbList\",\"@id\":\"https:\/\/cabinet-jpt.com\/BLOG\/?p=691#breadcrumb\",\"itemListElement\":[{\"@type\":\"ListItem\",\"position\":1,\"name\":\"Accueil\",\"item\":\"https:\/\/cabinet-jpt.com\/BLOG\"},{\"@type\":\"ListItem\",\"position\":2,\"name\":\"Deux conf\u00e9rences majeures de Jean-Philippe Toutut \u00e0 venir : Qualit\u00e9 de Vie au Travail et \u00c9thique en Milieu Institutionnel\"}]},{\"@type\":\"WebSite\",\"@id\":\"https:\/\/cabinet-jpt.com\/BLOG\/#website\",\"url\":\"https:\/\/cabinet-jpt.com\/BLOG\/\",\"name\":\"BLOG\",\"description\":\"\",\"publisher\":{\"@id\":\"https:\/\/cabinet-jpt.com\/BLOG\/#organization\"},\"potentialAction\":[{\"@type\":\"SearchAction\",\"target\":{\"@type\":\"EntryPoint\",\"urlTemplate\":\"https:\/\/cabinet-jpt.com\/BLOG\/?s={search_term_string}\"},\"query-input\":{\"@type\":\"PropertyValueSpecification\",\"valueRequired\":true,\"valueName\":\"search_term_string\"}}],\"inLanguage\":\"fr-FR\"},{\"@type\":\"Organization\",\"@id\":\"https:\/\/cabinet-jpt.com\/BLOG\/#organization\",\"name\":\"Cabinet Jean-Philippe Toutut Consultants\",\"url\":\"https:\/\/cabinet-jpt.com\/BLOG\/\",\"logo\":{\"@type\":\"ImageObject\",\"inLanguage\":\"fr-FR\",\"@id\":\"https:\/\/cabinet-jpt.com\/BLOG\/#\/schema\/logo\/image\/\",\"url\":\"https:\/\/cabinet-jpt.com\/BLOG\/wp-content\/uploads\/2019\/10\/LogoJp-e1533578331213.png\",\"contentUrl\":\"https:\/\/cabinet-jpt.com\/BLOG\/wp-content\/uploads\/2019\/10\/LogoJp-e1533578331213.png\",\"width\":156,\"height\":140,\"caption\":\"Cabinet Jean-Philippe Toutut Consultants\"},\"image\":{\"@id\":\"https:\/\/cabinet-jpt.com\/BLOG\/#\/schema\/logo\/image\/\"},\"sameAs\":[\"https:\/\/www.facebook.com\/CabinetJPTconsultants\",\"https:\/\/x.com\/JeanToutut\",\"https:\/\/www.pinterest.es\/CabinetJPTC\"]},{\"@type\":\"Person\",\"@id\":\"https:\/\/cabinet-jpt.com\/BLOG\/#\/schema\/person\/ecde2d3555cc43b2de221bf9a98862c8\",\"name\":\"blogjpt\",\"image\":{\"@type\":\"ImageObject\",\"inLanguage\":\"fr-FR\",\"@id\":\"https:\/\/secure.gravatar.com\/avatar\/cd755de689901b5fa62ef49013cb4333f49f3b1bb35f01ecc7cf6c0f4a7b5ef9?s=96&d=mm&r=g\",\"url\":\"https:\/\/secure.gravatar.com\/avatar\/cd755de689901b5fa62ef49013cb4333f49f3b1bb35f01ecc7cf6c0f4a7b5ef9?s=96&d=mm&r=g\",\"contentUrl\":\"https:\/\/secure.gravatar.com\/avatar\/cd755de689901b5fa62ef49013cb4333f49f3b1bb35f01ecc7cf6c0f4a7b5ef9?s=96&d=mm&r=g\",\"caption\":\"blogjpt\"},\"url\":\"https:\/\/cabinet-jpt.com\/BLOG\/?author=1\"}]}<\/script>\n<!-- \/ Yoast SEO plugin. -->","yoast_head_json":{"title":"Deux conf\u00e9rences majeures de Jean-Philippe Toutut \u00e0 venir : Qualit\u00e9 de Vie au Travail et \u00c9thique en Milieu Institutionnel - BLOG","robots":{"index":"index","follow":"follow","max-snippet":"max-snippet:-1","max-image-preview":"max-image-preview:large","max-video-preview":"max-video-preview:-1"},"canonical":"https:\/\/cabinet-jpt.com\/BLOG\/?p=691","og_locale":"fr_FR","og_type":"article","og_title":"Deux conf\u00e9rences majeures de Jean-Philippe Toutut \u00e0 venir : Qualit\u00e9 de Vie au Travail et \u00c9thique en Milieu Institutionnel - BLOG","og_description":"Le cabinet a le plaisir d\u2019annoncer deux interventions tr\u00e8s attendues de Jean-Philippe Toutut, qui illustrent pleinement notre engagement envers la transformation des organisations et le bien-\u00eatre au travail. 1\ufe0f\u20e3 Conf\u00e9rence sur la Qualit\u00e9 de Vie et les Conditions de Travail (QVCT) \u2013 28 mai 2025 \ud83d\udccd Rotary Club de Toulouse Jean-Philippe Toutut interviendra le 28 [&hellip;]","og_url":"https:\/\/cabinet-jpt.com\/BLOG\/?p=691","og_site_name":"BLOG","article_publisher":"https:\/\/www.facebook.com\/CabinetJPTconsultants","article_published_time":"2025-03-18T16:57:01+00:00","article_modified_time":"2025-09-03T12:13:09+00:00","og_image":[{"width":2560,"height":1920,"url":"https:\/\/cabinet-jpt.com\/BLOG\/wp-content\/uploads\/2024\/09\/Photo-JPT-en-conferencier-scaled.jpg","type":"image\/jpeg"}],"author":"blogjpt","twitter_card":"summary_large_image","twitter_creator":"@JeanToutut","twitter_site":"@JeanToutut","twitter_misc":{"\u00c9crit par":"blogjpt","Dur\u00e9e de lecture estim\u00e9e":"2 minutes"},"schema":{"@context":"https:\/\/schema.org","@graph":[{"@type":"NewsArticle","@id":"https:\/\/cabinet-jpt.com\/BLOG\/?p=691#article","isPartOf":{"@id":"https:\/\/cabinet-jpt.com\/BLOG\/?p=691"},"author":{"name":"blogjpt","@id":"https:\/\/cabinet-jpt.com\/BLOG\/#\/schema\/person\/ecde2d3555cc43b2de221bf9a98862c8"},"headline":"Deux conf\u00e9rences majeures de Jean-Philippe Toutut \u00e0 venir : Qualit\u00e9 de Vie au Travail et \u00c9thique en Milieu Institutionnel","datePublished":"2025-03-18T16:57:01+00:00","dateModified":"2025-09-03T12:13:09+00:00","mainEntityOfPage":{"@id":"https:\/\/cabinet-jpt.com\/BLOG\/?p=691"},"wordCount":401,"commentCount":0,"publisher":{"@id":"https:\/\/cabinet-jpt.com\/BLOG\/#organization"},"image":{"@id":"https:\/\/cabinet-jpt.com\/BLOG\/?p=691#primaryimage"},"thumbnailUrl":"https:\/\/cabinet-jpt.com\/BLOG\/wp-content\/uploads\/2024\/09\/Photo-JPT-en-conferencier-scaled.jpg","articleSection":["Actualit\u00e9s","Ethique et Management","Qualit\u00e9 de vie au travail (QVT)"],"inLanguage":"fr-FR","potentialAction":[{"@type":"CommentAction","name":"Comment","target":["https:\/\/cabinet-jpt.com\/BLOG\/?p=691#respond"]}]},{"@type":"WebPage","@id":"https:\/\/cabinet-jpt.com\/BLOG\/?p=691","url":"https:\/\/cabinet-jpt.com\/BLOG\/?p=691","name":"Deux conf\u00e9rences majeures de Jean-Philippe Toutut \u00e0 venir : Qualit\u00e9 de Vie au Travail et \u00c9thique en Milieu Institutionnel - BLOG","isPartOf":{"@id":"https:\/\/cabinet-jpt.com\/BLOG\/#website"},"primaryImageOfPage":{"@id":"https:\/\/cabinet-jpt.com\/BLOG\/?p=691#primaryimage"},"image":{"@id":"https:\/\/cabinet-jpt.com\/BLOG\/?p=691#primaryimage"},"thumbnailUrl":"https:\/\/cabinet-jpt.com\/BLOG\/wp-content\/uploads\/2024\/09\/Photo-JPT-en-conferencier-scaled.jpg","datePublished":"2025-03-18T16:57:01+00:00","dateModified":"2025-09-03T12:13:09+00:00","breadcrumb":{"@id":"https:\/\/cabinet-jpt.com\/BLOG\/?p=691#breadcrumb"},"inLanguage":"fr-FR","potentialAction":[{"@type":"ReadAction","target":["https:\/\/cabinet-jpt.com\/BLOG\/?p=691"]}]},{"@type":"ImageObject","inLanguage":"fr-FR","@id":"https:\/\/cabinet-jpt.com\/BLOG\/?p=691#primaryimage","url":"https:\/\/cabinet-jpt.com\/BLOG\/wp-content\/uploads\/2024\/09\/Photo-JPT-en-conferencier-scaled.jpg","contentUrl":"https:\/\/cabinet-jpt.com\/BLOG\/wp-content\/uploads\/2024\/09\/Photo-JPT-en-conferencier-scaled.jpg","width":2560,"height":1920},{"@type":"BreadcrumbList","@id":"https:\/\/cabinet-jpt.com\/BLOG\/?p=691#breadcrumb","itemListElement":[{"@type":"ListItem","position":1,"name":"Accueil","item":"https:\/\/cabinet-jpt.com\/BLOG"},{"@type":"ListItem","position":2,"name":"Deux conf\u00e9rences majeures de Jean-Philippe Toutut \u00e0 venir : Qualit\u00e9 de Vie au Travail et \u00c9thique en Milieu Institutionnel"}]},{"@type":"WebSite","@id":"https:\/\/cabinet-jpt.com\/BLOG\/#website","url":"https:\/\/cabinet-jpt.com\/BLOG\/","name":"BLOG","description":"","publisher":{"@id":"https:\/\/cabinet-jpt.com\/BLOG\/#organization"},"potentialAction":[{"@type":"SearchAction","target":{"@type":"EntryPoint","urlTemplate":"https:\/\/cabinet-jpt.com\/BLOG\/?s={search_term_string}"},"query-input":{"@type":"PropertyValueSpecification","valueRequired":true,"valueName":"search_term_string"}}],"inLanguage":"fr-FR"},{"@type":"Organization","@id":"https:\/\/cabinet-jpt.com\/BLOG\/#organization","name":"Cabinet Jean-Philippe Toutut Consultants","url":"https:\/\/cabinet-jpt.com\/BLOG\/","logo":{"@type":"ImageObject","inLanguage":"fr-FR","@id":"https:\/\/cabinet-jpt.com\/BLOG\/#\/schema\/logo\/image\/","url":"https:\/\/cabinet-jpt.com\/BLOG\/wp-content\/uploads\/2019\/10\/LogoJp-e1533578331213.png","contentUrl":"https:\/\/cabinet-jpt.com\/BLOG\/wp-content\/uploads\/2019\/10\/LogoJp-e1533578331213.png","width":156,"height":140,"caption":"Cabinet Jean-Philippe Toutut Consultants"},"image":{"@id":"https:\/\/cabinet-jpt.com\/BLOG\/#\/schema\/logo\/image\/"},"sameAs":["https:\/\/www.facebook.com\/CabinetJPTconsultants","https:\/\/x.com\/JeanToutut","https:\/\/www.pinterest.es\/CabinetJPTC"]},{"@type":"Person","@id":"https:\/\/cabinet-jpt.com\/BLOG\/#\/schema\/person\/ecde2d3555cc43b2de221bf9a98862c8","name":"blogjpt","image":{"@type":"ImageObject","inLanguage":"fr-FR","@id":"https:\/\/secure.gravatar.com\/avatar\/cd755de689901b5fa62ef49013cb4333f49f3b1bb35f01ecc7cf6c0f4a7b5ef9?s=96&d=mm&r=g","url":"https:\/\/secure.gravatar.com\/avatar\/cd755de689901b5fa62ef49013cb4333f49f3b1bb35f01ecc7cf6c0f4a7b5ef9?s=96&d=mm&r=g","contentUrl":"https:\/\/secure.gravatar.com\/avatar\/cd755de689901b5fa62ef49013cb4333f49f3b1bb35f01ecc7cf6c0f4a7b5ef9?s=96&d=mm&r=g","caption":"blogjpt"},"url":"https:\/\/cabinet-jpt.com\/BLOG\/?author=1"}]}},"jetpack_publicize_connections":[],"jetpack_featured_media_url":"https:\/\/cabinet-jpt.com\/BLOG\/wp-content\/uploads\/2024\/09\/Photo-JPT-en-conferencier-scaled.jpg","jetpack_sharing_enabled":true,"jetpack_likes_enabled":true,"post_mailing_queue_ids":[],"_links":{"self":[{"href":"https:\/\/cabinet-jpt.com\/BLOG\/index.php?rest_route=\/wp\/v2\/posts\/691","targetHints":{"allow":["GET"]}}],"collection":[{"href":"https:\/\/cabinet-jpt.com\/BLOG\/index.php?rest_route=\/wp\/v2\/posts"}],"about":[{"href":"https:\/\/cabinet-jpt.com\/BLOG\/index.php?rest_route=\/wp\/v2\/types\/post"}],"author":[{"embeddable":true,"href":"https:\/\/cabinet-jpt.com\/BLOG\/index.php?rest_route=\/wp\/v2\/users\/1"}],"replies":[{"embeddable":true,"href":"https:\/\/cabinet-jpt.com\/BLOG\/index.php?rest_route=%2Fwp%2Fv2%2Fcomments&post=691"}],"version-history":[{"count":-4,"href":"https:\/\/cabinet-jpt.com\/BLOG\/index.php?rest_route=\/wp\/v2\/posts\/691\/revisions"}],"wp:featuredmedia":[{"embeddable":true,"href":"https:\/\/cabinet-jpt.com\/BLOG\/index.php?rest_route=\/wp\/v2\/media\/665"}],"wp:attachment":[{"href":"https:\/\/cabinet-jpt.com\/BLOG\/index.php?rest_route=%2Fwp%2Fv2%2Fmedia&parent=691"}],"wp:term":[{"taxonomy":"category","embeddable":true,"href":"https:\/\/cabinet-jpt.com\/BLOG\/index.php?rest_route=%2Fwp%2Fv2%2Fcategories&post=691"},{"taxonomy":"post_tag","embeddable":true,"href":"https:\/\/cabinet-jpt.com\/BLOG\/index.php?rest_route=%2Fwp%2Fv2%2Ftags&post=691"}],"curies":[{"name":"wp","href":"https:\/\/api.w.org\/{rel}","templated":true}]}}