{"id":698,"date":"2025-03-20T17:25:09","date_gmt":"2025-03-20T16:25:09","guid":{"rendered":"https:\/\/cabinet-jpt.com\/BLOG\/?p=698"},"modified":"2025-09-03T14:13:18","modified_gmt":"2025-09-03T12:13:18","slug":"lia-une-alliee-pour-un-travail-plus-humain","status":"publish","type":"post","link":"https:\/\/cabinet-jpt.com\/BLOG\/?p=698","title":{"rendered":"L\u2019IA, une alli\u00e9e pour un travail plus humain"},"content":{"rendered":"\n<p>L\u2019intelligence artificielle s\u2019impose aujourd\u2019hui comme un levier cl\u00e9 pour am\u00e9liorer la Qualit\u00e9 de Vie et des Conditions de Travail (QVCT). Loin d\u2019\u00eatre un simple outil technologique, elle devient une compagne pr\u00e9cieuse, permettant de cr\u00e9er un environnement plus s\u00fbr, plus \u00e9quilibr\u00e9 et plus inclusif.<\/p>\n\n\n\n<p><strong>Un atout pour la s\u00e9curit\u00e9 et la charge de travail<\/strong><\/p>\n\n\n\n<p>L\u2019IA permet d\u2019anticiper les risques et d\u2019am\u00e9liorer la pr\u00e9vention des accidents gr\u00e2ce \u00e0 l\u2019analyse de donn\u00e9es en temps r\u00e9el. Elle optimise aussi la r\u00e9partition des t\u00e2ches et automatise les plus r\u00e9p\u00e9titives, lib\u00e9rant ainsi du temps pour des missions \u00e0 plus forte valeur ajout\u00e9e.<\/p>\n\n\n\n<p><strong>Un soutien au bien-\u00eatre et \u00e0 l\u2019\u00e9volution professionnelle<\/strong><\/p>\n\n\n\n<p>En d\u00e9tectant les signaux faibles de stress ou de d\u00e9motivation, l\u2019IA peut proposer des ajustements pour pr\u00e9server l\u2019\u00e9quilibre des employ\u00e9s. Elle personnalise aussi les parcours professionnels en sugg\u00e9rant des formations et opportunit\u00e9s adapt\u00e9es aux comp\u00e9tences et aspirations de chacun.<\/p>\n\n\n\n<p><strong>Un moteur d\u2019\u00e9quit\u00e9 et d\u2019innovation<\/strong><\/p>\n\n\n\n<p>Gr\u00e2ce \u00e0 son analyse neutre, l\u2019IA favorise des d\u00e9cisions plus justes en mati\u00e8re de recrutement et d\u2019\u00e9volution de carri\u00e8re, r\u00e9duisant les biais inconscients. Elle am\u00e9liore \u00e9galement la collaboration en entreprise via des outils de transcription, de traduction et d\u2019analyse des retours d\u2019exp\u00e9rience.<\/p>\n\n\n\n<p><strong>Mon exp\u00e9rience avec l\u2019IA en QVCT<\/strong><\/p>\n\n\n\n<p>J\u2019ai utilis\u00e9 l\u2019IA pour analyser des questionnaires QVCT, calculer des priorit\u00e9s et extraire des constats cl\u00e9s. Elle m\u2019a aid\u00e9 \u00e0 identifier des tendances, et \u00e0 d\u00e9tecter des situations critiques gr\u00e2ce \u00e0 la reconnaissance des \u00e9motions et l\u2019analyse des ressentis.<\/p>\n\n\n\n<p><strong>Une technologie \u00e0 optimiser avec expertise<\/strong><\/p>\n\n\n\n<p>Toutefois, l\u2019IA n\u2019est pas parfaite : son efficacit\u00e9 d\u00e9pend de son param\u00e9trage et de la qualit\u00e9 des donn\u00e9es utilis\u00e9es. Seul un expert en QVCT peut r\u00e9ellement l\u2019exploiter pour garantir qu\u2019elle reste un outil d\u2019am\u00e9lioration des conditions de travail, sans en d\u00e9naturer l\u2019aspect humain.<\/p>\n\n\n\n<p>Utilis\u00e9e avec discernement et \u00e9thique, l\u2019IA peut transformer l\u2019univers professionnel en un espace o\u00f9 l\u2019humain retrouve toute sa place.<\/p>\n\n\n\n<p><em><strong>Michel Bordera<\/strong><\/em><\/p>\n\n\n\n<div class=\"wp-block-group\"><div class=\"wp-block-group__inner-container is-layout-constrained wp-block-group-is-layout-constrained\">\n<figure class=\"wp-block-image size-full\"><img decoding=\"async\" src=\"https:\/\/cabinet-jpt.com\/BLOG\/wp-content\/uploads\/2025\/03\/yoult.jpg\" alt=\"\" class=\"wp-image-699\" width=\"200\" srcset=\"https:\/\/cabinet-jpt.com\/BLOG\/wp-content\/uploads\/2025\/03\/yoult.jpg 732w, https:\/\/cabinet-jpt.com\/BLOG\/wp-content\/uploads\/2025\/03\/yoult-256x300.jpg 256w\" sizes=\"(max-width: 732px) 100vw, 732px\" \/><\/figure>\n\n\n\n<ul class=\"wp-block-list\">\n<li><em>Responsable Informatique et consultant du Cabinet Jean-Philippe Toutut Consultants<\/em><\/li>\n\n\n\n<li><em>Sp\u00e9cialiste en IA et Big Data. (Mast\u00e8re en cours)<\/em><\/li>\n\n\n\n<li><em>Technicien en pr\u00e9vention des risques professionnels.<\/em><\/li>\n\n\n\n<li><em>Sp\u00e9cialiste en gestion de conflits.<\/em><\/li>\n<\/ul>\n\n\n\n<p><\/p>\n<\/div><\/div>\n\n\n\n<p><\/p>\n","protected":false},"excerpt":{"rendered":"<p>L\u2019intelligence artificielle s\u2019impose aujourd\u2019hui comme un levier cl\u00e9 pour am\u00e9liorer la Qualit\u00e9 de Vie et des Conditions de Travail (QVCT). Loin d\u2019\u00eatre un simple outil technologique, elle devient une compagne pr\u00e9cieuse, permettant de cr\u00e9er un environnement plus s\u00fbr, plus \u00e9quilibr\u00e9 et plus inclusif. Un atout pour la s\u00e9curit\u00e9 et la charge de travail L\u2019IA permet [&hellip;]<\/p>\n","protected":false},"author":1,"featured_media":700,"comment_status":"open","ping_status":"open","sticky":false,"template":"","format":"standard","meta":{"_jetpack_memberships_contains_paid_content":false,"footnotes":"","jetpack_publicize_message":"","jetpack_publicize_feature_enabled":true,"jetpack_social_post_already_shared":true,"jetpack_social_options":{"image_generator_settings":{"template":"highway","default_image_id":0,"font":"","enabled":false},"version":2}},"categories":[1,3],"tags":[],"class_list":["post-698","post","type-post","status-publish","format-standard","has-post-thumbnail","hentry","category-nouvelles","category-qvt"],"yoast_head":"<!-- This site is optimized with the Yoast SEO plugin v27.2 - https:\/\/yoast.com\/product\/yoast-seo-wordpress\/ -->\n<title>L\u2019IA, une alli\u00e9e pour un travail plus humain - BLOG<\/title>\n<meta name=\"robots\" content=\"index, follow, max-snippet:-1, max-image-preview:large, max-video-preview:-1\" \/>\n<link rel=\"canonical\" href=\"https:\/\/cabinet-jpt.com\/BLOG\/?p=698\" \/>\n<meta property=\"og:locale\" content=\"fr_FR\" \/>\n<meta property=\"og:type\" content=\"article\" \/>\n<meta property=\"og:title\" content=\"L\u2019IA, une alli\u00e9e pour un travail plus humain - BLOG\" \/>\n<meta property=\"og:description\" content=\"L\u2019intelligence artificielle s\u2019impose aujourd\u2019hui comme un levier cl\u00e9 pour am\u00e9liorer la Qualit\u00e9 de Vie et des Conditions de Travail (QVCT). Loin d\u2019\u00eatre un simple outil technologique, elle devient une compagne pr\u00e9cieuse, permettant de cr\u00e9er un environnement plus s\u00fbr, plus \u00e9quilibr\u00e9 et plus inclusif. Un atout pour la s\u00e9curit\u00e9 et la charge de travail L\u2019IA permet [&hellip;]\" \/>\n<meta property=\"og:url\" content=\"https:\/\/cabinet-jpt.com\/BLOG\/?p=698\" \/>\n<meta property=\"og:site_name\" content=\"BLOG\" \/>\n<meta property=\"article:publisher\" content=\"https:\/\/www.facebook.com\/CabinetJPTconsultants\" \/>\n<meta property=\"article:published_time\" content=\"2025-03-20T16:25:09+00:00\" \/>\n<meta property=\"article:modified_time\" content=\"2025-09-03T12:13:18+00:00\" \/>\n<meta property=\"og:image\" content=\"https:\/\/cabinet-jpt.com\/BLOG\/wp-content\/uploads\/2025\/03\/iablog.webp\" \/>\n\t<meta property=\"og:image:width\" content=\"1792\" \/>\n\t<meta property=\"og:image:height\" content=\"1024\" \/>\n\t<meta property=\"og:image:type\" content=\"image\/webp\" \/>\n<meta name=\"author\" content=\"blogjpt\" \/>\n<meta name=\"twitter:card\" content=\"summary_large_image\" \/>\n<meta name=\"twitter:creator\" content=\"@JeanToutut\" \/>\n<meta name=\"twitter:site\" content=\"@JeanToutut\" \/>\n<meta name=\"twitter:label1\" content=\"\u00c9crit par\" \/>\n\t<meta name=\"twitter:data1\" content=\"blogjpt\" \/>\n\t<meta name=\"twitter:label2\" content=\"Dur\u00e9e de lecture estim\u00e9e\" \/>\n\t<meta name=\"twitter:data2\" content=\"3 minutes\" \/>\n<script type=\"application\/ld+json\" class=\"yoast-schema-graph\">{\"@context\":\"https:\/\/schema.org\",\"@graph\":[{\"@type\":\"NewsArticle\",\"@id\":\"https:\/\/cabinet-jpt.com\/BLOG\/?p=698#article\",\"isPartOf\":{\"@id\":\"https:\/\/cabinet-jpt.com\/BLOG\/?p=698\"},\"author\":{\"name\":\"blogjpt\",\"@id\":\"https:\/\/cabinet-jpt.com\/BLOG\/#\/schema\/person\/ecde2d3555cc43b2de221bf9a98862c8\"},\"headline\":\"L\u2019IA, une alli\u00e9e pour un travail plus humain\",\"datePublished\":\"2025-03-20T16:25:09+00:00\",\"dateModified\":\"2025-09-03T12:13:18+00:00\",\"mainEntityOfPage\":{\"@id\":\"https:\/\/cabinet-jpt.com\/BLOG\/?p=698\"},\"wordCount\":415,\"commentCount\":0,\"publisher\":{\"@id\":\"https:\/\/cabinet-jpt.com\/BLOG\/#organization\"},\"image\":{\"@id\":\"https:\/\/cabinet-jpt.com\/BLOG\/?p=698#primaryimage\"},\"thumbnailUrl\":\"https:\/\/cabinet-jpt.com\/BLOG\/wp-content\/uploads\/2025\/03\/iablog.webp\",\"articleSection\":[\"Actualit\u00e9s\",\"Qualit\u00e9 de vie au travail (QVT)\"],\"inLanguage\":\"fr-FR\",\"potentialAction\":[{\"@type\":\"CommentAction\",\"name\":\"Comment\",\"target\":[\"https:\/\/cabinet-jpt.com\/BLOG\/?p=698#respond\"]}]},{\"@type\":\"WebPage\",\"@id\":\"https:\/\/cabinet-jpt.com\/BLOG\/?p=698\",\"url\":\"https:\/\/cabinet-jpt.com\/BLOG\/?p=698\",\"name\":\"L\u2019IA, une alli\u00e9e pour un travail plus humain - BLOG\",\"isPartOf\":{\"@id\":\"https:\/\/cabinet-jpt.com\/BLOG\/#website\"},\"primaryImageOfPage\":{\"@id\":\"https:\/\/cabinet-jpt.com\/BLOG\/?p=698#primaryimage\"},\"image\":{\"@id\":\"https:\/\/cabinet-jpt.com\/BLOG\/?p=698#primaryimage\"},\"thumbnailUrl\":\"https:\/\/cabinet-jpt.com\/BLOG\/wp-content\/uploads\/2025\/03\/iablog.webp\",\"datePublished\":\"2025-03-20T16:25:09+00:00\",\"dateModified\":\"2025-09-03T12:13:18+00:00\",\"breadcrumb\":{\"@id\":\"https:\/\/cabinet-jpt.com\/BLOG\/?p=698#breadcrumb\"},\"inLanguage\":\"fr-FR\",\"potentialAction\":[{\"@type\":\"ReadAction\",\"target\":[\"https:\/\/cabinet-jpt.com\/BLOG\/?p=698\"]}]},{\"@type\":\"ImageObject\",\"inLanguage\":\"fr-FR\",\"@id\":\"https:\/\/cabinet-jpt.com\/BLOG\/?p=698#primaryimage\",\"url\":\"https:\/\/cabinet-jpt.com\/BLOG\/wp-content\/uploads\/2025\/03\/iablog.webp\",\"contentUrl\":\"https:\/\/cabinet-jpt.com\/BLOG\/wp-content\/uploads\/2025\/03\/iablog.webp\",\"width\":1792,\"height\":1024},{\"@type\":\"BreadcrumbList\",\"@id\":\"https:\/\/cabinet-jpt.com\/BLOG\/?p=698#breadcrumb\",\"itemListElement\":[{\"@type\":\"ListItem\",\"position\":1,\"name\":\"Accueil\",\"item\":\"https:\/\/cabinet-jpt.com\/BLOG\"},{\"@type\":\"ListItem\",\"position\":2,\"name\":\"L\u2019IA, une alli\u00e9e pour un travail plus humain\"}]},{\"@type\":\"WebSite\",\"@id\":\"https:\/\/cabinet-jpt.com\/BLOG\/#website\",\"url\":\"https:\/\/cabinet-jpt.com\/BLOG\/\",\"name\":\"BLOG\",\"description\":\"\",\"publisher\":{\"@id\":\"https:\/\/cabinet-jpt.com\/BLOG\/#organization\"},\"potentialAction\":[{\"@type\":\"SearchAction\",\"target\":{\"@type\":\"EntryPoint\",\"urlTemplate\":\"https:\/\/cabinet-jpt.com\/BLOG\/?s={search_term_string}\"},\"query-input\":{\"@type\":\"PropertyValueSpecification\",\"valueRequired\":true,\"valueName\":\"search_term_string\"}}],\"inLanguage\":\"fr-FR\"},{\"@type\":\"Organization\",\"@id\":\"https:\/\/cabinet-jpt.com\/BLOG\/#organization\",\"name\":\"Cabinet Jean-Philippe Toutut Consultants\",\"url\":\"https:\/\/cabinet-jpt.com\/BLOG\/\",\"logo\":{\"@type\":\"ImageObject\",\"inLanguage\":\"fr-FR\",\"@id\":\"https:\/\/cabinet-jpt.com\/BLOG\/#\/schema\/logo\/image\/\",\"url\":\"https:\/\/cabinet-jpt.com\/BLOG\/wp-content\/uploads\/2019\/10\/LogoJp-e1533578331213.png\",\"contentUrl\":\"https:\/\/cabinet-jpt.com\/BLOG\/wp-content\/uploads\/2019\/10\/LogoJp-e1533578331213.png\",\"width\":156,\"height\":140,\"caption\":\"Cabinet Jean-Philippe Toutut Consultants\"},\"image\":{\"@id\":\"https:\/\/cabinet-jpt.com\/BLOG\/#\/schema\/logo\/image\/\"},\"sameAs\":[\"https:\/\/www.facebook.com\/CabinetJPTconsultants\",\"https:\/\/x.com\/JeanToutut\",\"https:\/\/www.pinterest.es\/CabinetJPTC\"]},{\"@type\":\"Person\",\"@id\":\"https:\/\/cabinet-jpt.com\/BLOG\/#\/schema\/person\/ecde2d3555cc43b2de221bf9a98862c8\",\"name\":\"blogjpt\",\"image\":{\"@type\":\"ImageObject\",\"inLanguage\":\"fr-FR\",\"@id\":\"https:\/\/secure.gravatar.com\/avatar\/cd755de689901b5fa62ef49013cb4333f49f3b1bb35f01ecc7cf6c0f4a7b5ef9?s=96&d=mm&r=g\",\"url\":\"https:\/\/secure.gravatar.com\/avatar\/cd755de689901b5fa62ef49013cb4333f49f3b1bb35f01ecc7cf6c0f4a7b5ef9?s=96&d=mm&r=g\",\"contentUrl\":\"https:\/\/secure.gravatar.com\/avatar\/cd755de689901b5fa62ef49013cb4333f49f3b1bb35f01ecc7cf6c0f4a7b5ef9?s=96&d=mm&r=g\",\"caption\":\"blogjpt\"},\"url\":\"https:\/\/cabinet-jpt.com\/BLOG\/?author=1\"}]}<\/script>\n<!-- \/ Yoast SEO plugin. -->","yoast_head_json":{"title":"L\u2019IA, une alli\u00e9e pour un travail plus humain - BLOG","robots":{"index":"index","follow":"follow","max-snippet":"max-snippet:-1","max-image-preview":"max-image-preview:large","max-video-preview":"max-video-preview:-1"},"canonical":"https:\/\/cabinet-jpt.com\/BLOG\/?p=698","og_locale":"fr_FR","og_type":"article","og_title":"L\u2019IA, une alli\u00e9e pour un travail plus humain - BLOG","og_description":"L\u2019intelligence artificielle s\u2019impose aujourd\u2019hui comme un levier cl\u00e9 pour am\u00e9liorer la Qualit\u00e9 de Vie et des Conditions de Travail (QVCT). Loin d\u2019\u00eatre un simple outil technologique, elle devient une compagne pr\u00e9cieuse, permettant de cr\u00e9er un environnement plus s\u00fbr, plus \u00e9quilibr\u00e9 et plus inclusif. Un atout pour la s\u00e9curit\u00e9 et la charge de travail L\u2019IA permet [&hellip;]","og_url":"https:\/\/cabinet-jpt.com\/BLOG\/?p=698","og_site_name":"BLOG","article_publisher":"https:\/\/www.facebook.com\/CabinetJPTconsultants","article_published_time":"2025-03-20T16:25:09+00:00","article_modified_time":"2025-09-03T12:13:18+00:00","og_image":[{"width":1792,"height":1024,"url":"https:\/\/cabinet-jpt.com\/BLOG\/wp-content\/uploads\/2025\/03\/iablog.webp","type":"image\/webp"}],"author":"blogjpt","twitter_card":"summary_large_image","twitter_creator":"@JeanToutut","twitter_site":"@JeanToutut","twitter_misc":{"\u00c9crit par":"blogjpt","Dur\u00e9e de lecture estim\u00e9e":"3 minutes"},"schema":{"@context":"https:\/\/schema.org","@graph":[{"@type":"NewsArticle","@id":"https:\/\/cabinet-jpt.com\/BLOG\/?p=698#article","isPartOf":{"@id":"https:\/\/cabinet-jpt.com\/BLOG\/?p=698"},"author":{"name":"blogjpt","@id":"https:\/\/cabinet-jpt.com\/BLOG\/#\/schema\/person\/ecde2d3555cc43b2de221bf9a98862c8"},"headline":"L\u2019IA, une alli\u00e9e pour un travail plus humain","datePublished":"2025-03-20T16:25:09+00:00","dateModified":"2025-09-03T12:13:18+00:00","mainEntityOfPage":{"@id":"https:\/\/cabinet-jpt.com\/BLOG\/?p=698"},"wordCount":415,"commentCount":0,"publisher":{"@id":"https:\/\/cabinet-jpt.com\/BLOG\/#organization"},"image":{"@id":"https:\/\/cabinet-jpt.com\/BLOG\/?p=698#primaryimage"},"thumbnailUrl":"https:\/\/cabinet-jpt.com\/BLOG\/wp-content\/uploads\/2025\/03\/iablog.webp","articleSection":["Actualit\u00e9s","Qualit\u00e9 de vie au travail (QVT)"],"inLanguage":"fr-FR","potentialAction":[{"@type":"CommentAction","name":"Comment","target":["https:\/\/cabinet-jpt.com\/BLOG\/?p=698#respond"]}]},{"@type":"WebPage","@id":"https:\/\/cabinet-jpt.com\/BLOG\/?p=698","url":"https:\/\/cabinet-jpt.com\/BLOG\/?p=698","name":"L\u2019IA, une alli\u00e9e pour un travail plus humain - BLOG","isPartOf":{"@id":"https:\/\/cabinet-jpt.com\/BLOG\/#website"},"primaryImageOfPage":{"@id":"https:\/\/cabinet-jpt.com\/BLOG\/?p=698#primaryimage"},"image":{"@id":"https:\/\/cabinet-jpt.com\/BLOG\/?p=698#primaryimage"},"thumbnailUrl":"https:\/\/cabinet-jpt.com\/BLOG\/wp-content\/uploads\/2025\/03\/iablog.webp","datePublished":"2025-03-20T16:25:09+00:00","dateModified":"2025-09-03T12:13:18+00:00","breadcrumb":{"@id":"https:\/\/cabinet-jpt.com\/BLOG\/?p=698#breadcrumb"},"inLanguage":"fr-FR","potentialAction":[{"@type":"ReadAction","target":["https:\/\/cabinet-jpt.com\/BLOG\/?p=698"]}]},{"@type":"ImageObject","inLanguage":"fr-FR","@id":"https:\/\/cabinet-jpt.com\/BLOG\/?p=698#primaryimage","url":"https:\/\/cabinet-jpt.com\/BLOG\/wp-content\/uploads\/2025\/03\/iablog.webp","contentUrl":"https:\/\/cabinet-jpt.com\/BLOG\/wp-content\/uploads\/2025\/03\/iablog.webp","width":1792,"height":1024},{"@type":"BreadcrumbList","@id":"https:\/\/cabinet-jpt.com\/BLOG\/?p=698#breadcrumb","itemListElement":[{"@type":"ListItem","position":1,"name":"Accueil","item":"https:\/\/cabinet-jpt.com\/BLOG"},{"@type":"ListItem","position":2,"name":"L\u2019IA, une alli\u00e9e pour un travail plus humain"}]},{"@type":"WebSite","@id":"https:\/\/cabinet-jpt.com\/BLOG\/#website","url":"https:\/\/cabinet-jpt.com\/BLOG\/","name":"BLOG","description":"","publisher":{"@id":"https:\/\/cabinet-jpt.com\/BLOG\/#organization"},"potentialAction":[{"@type":"SearchAction","target":{"@type":"EntryPoint","urlTemplate":"https:\/\/cabinet-jpt.com\/BLOG\/?s={search_term_string}"},"query-input":{"@type":"PropertyValueSpecification","valueRequired":true,"valueName":"search_term_string"}}],"inLanguage":"fr-FR"},{"@type":"Organization","@id":"https:\/\/cabinet-jpt.com\/BLOG\/#organization","name":"Cabinet Jean-Philippe Toutut Consultants","url":"https:\/\/cabinet-jpt.com\/BLOG\/","logo":{"@type":"ImageObject","inLanguage":"fr-FR","@id":"https:\/\/cabinet-jpt.com\/BLOG\/#\/schema\/logo\/image\/","url":"https:\/\/cabinet-jpt.com\/BLOG\/wp-content\/uploads\/2019\/10\/LogoJp-e1533578331213.png","contentUrl":"https:\/\/cabinet-jpt.com\/BLOG\/wp-content\/uploads\/2019\/10\/LogoJp-e1533578331213.png","width":156,"height":140,"caption":"Cabinet Jean-Philippe Toutut Consultants"},"image":{"@id":"https:\/\/cabinet-jpt.com\/BLOG\/#\/schema\/logo\/image\/"},"sameAs":["https:\/\/www.facebook.com\/CabinetJPTconsultants","https:\/\/x.com\/JeanToutut","https:\/\/www.pinterest.es\/CabinetJPTC"]},{"@type":"Person","@id":"https:\/\/cabinet-jpt.com\/BLOG\/#\/schema\/person\/ecde2d3555cc43b2de221bf9a98862c8","name":"blogjpt","image":{"@type":"ImageObject","inLanguage":"fr-FR","@id":"https:\/\/secure.gravatar.com\/avatar\/cd755de689901b5fa62ef49013cb4333f49f3b1bb35f01ecc7cf6c0f4a7b5ef9?s=96&d=mm&r=g","url":"https:\/\/secure.gravatar.com\/avatar\/cd755de689901b5fa62ef49013cb4333f49f3b1bb35f01ecc7cf6c0f4a7b5ef9?s=96&d=mm&r=g","contentUrl":"https:\/\/secure.gravatar.com\/avatar\/cd755de689901b5fa62ef49013cb4333f49f3b1bb35f01ecc7cf6c0f4a7b5ef9?s=96&d=mm&r=g","caption":"blogjpt"},"url":"https:\/\/cabinet-jpt.com\/BLOG\/?author=1"}]}},"jetpack_publicize_connections":[],"jetpack_featured_media_url":"https:\/\/cabinet-jpt.com\/BLOG\/wp-content\/uploads\/2025\/03\/iablog.webp","jetpack_sharing_enabled":true,"jetpack_likes_enabled":true,"post_mailing_queue_ids":[],"_links":{"self":[{"href":"https:\/\/cabinet-jpt.com\/BLOG\/index.php?rest_route=\/wp\/v2\/posts\/698","targetHints":{"allow":["GET"]}}],"collection":[{"href":"https:\/\/cabinet-jpt.com\/BLOG\/index.php?rest_route=\/wp\/v2\/posts"}],"about":[{"href":"https:\/\/cabinet-jpt.com\/BLOG\/index.php?rest_route=\/wp\/v2\/types\/post"}],"author":[{"embeddable":true,"href":"https:\/\/cabinet-jpt.com\/BLOG\/index.php?rest_route=\/wp\/v2\/users\/1"}],"replies":[{"embeddable":true,"href":"https:\/\/cabinet-jpt.com\/BLOG\/index.php?rest_route=%2Fwp%2Fv2%2Fcomments&post=698"}],"version-history":[{"count":-4,"href":"https:\/\/cabinet-jpt.com\/BLOG\/index.php?rest_route=\/wp\/v2\/posts\/698\/revisions"}],"wp:featuredmedia":[{"embeddable":true,"href":"https:\/\/cabinet-jpt.com\/BLOG\/index.php?rest_route=\/wp\/v2\/media\/700"}],"wp:attachment":[{"href":"https:\/\/cabinet-jpt.com\/BLOG\/index.php?rest_route=%2Fwp%2Fv2%2Fmedia&parent=698"}],"wp:term":[{"taxonomy":"category","embeddable":true,"href":"https:\/\/cabinet-jpt.com\/BLOG\/index.php?rest_route=%2Fwp%2Fv2%2Fcategories&post=698"},{"taxonomy":"post_tag","embeddable":true,"href":"https:\/\/cabinet-jpt.com\/BLOG\/index.php?rest_route=%2Fwp%2Fv2%2Ftags&post=698"}],"curies":[{"name":"wp","href":"https:\/\/api.w.org\/{rel}","templated":true}]}}