{"id":730,"date":"2025-10-02T15:20:42","date_gmt":"2025-10-02T13:20:42","guid":{"rendered":"https:\/\/cabinet-jpt.com\/BLOG\/?p=730"},"modified":"2025-10-02T15:20:45","modified_gmt":"2025-10-02T13:20:45","slug":"moment-de-solennite-et-demotion-a-luniversite-de-toulouse-jean-jaures","status":"publish","type":"post","link":"https:\/\/cabinet-jpt.com\/BLOG\/?p=730","title":{"rendered":"Moment de solennit\u00e9 et d\u2019\u00e9motion \u00e0 l\u2019Universit\u00e9 de Toulouse Jean Jaur\u00e8s"},"content":{"rendered":"\n<p>Moment de solennit\u00e9 et d\u2019\u00e9motion \u00e0 l\u2019Universit\u00e9 de Toulouse Jean Jaur\u00e8s,, ce jeudi 25 septembre\u00a0!<br>Les stagiaires de la nouvelle promotion 2025-2026 du Dipl\u00f4me Universitaire \u00ab\u00a0Qualit\u00e9 de Vie et des Conditions de Travail\u00a0\u00bb \u00e9taient invit\u00e9s \u00e0 leur rentr\u00e9e de pr\u00e9sentation, tandis que ceux de la promotion pr\u00e9c\u00e9dente 2024-2026 \u00e9taient invit\u00e9s \u00e0 recevoir officiellement leurs dipl\u00f4mes.<\/p>\n\n\n\n<p>Dans une atmosph\u00e8re tr\u00e8s conviviale, les stagiaires ont \u00e9cout\u00e9, \u00e9chang\u00e9, pos\u00e9 des questions et partag\u00e9, entour\u00e9s de l\u2019\u00e9quipe p\u00e9dagogique (Julien Godefroy, Benjamin Saccomanno, les directeurs actuels du DU, Jean-Philippe Toutut, cr\u00e9ateur et ancien directeur du DU) et administrative (Sabrina Djalot, Fr\u00e9d\u00e9ric Chanu, et Claire Ch\u00e2teau).<\/p>\n\n\n\n<p>Chaque ann\u00e9e, ce Dipl\u00f4me propos\u00e9 par le Service de la Formation Continue de l\u2019UTJJ, le seul au plan national \u00e0 \u00eatre totalement consacr\u00e9 \u00e0 la QVCT et inscrit au Registre National des Formations, est tr\u00e8s convoit\u00e9. \u00a0La qualit\u00e9 des enseignements autant que l\u2019ambiance solidaire et constructive lui est reconnue depuis 2017.<\/p>\n\n\n\n<p>L\u00e9gende de la photo&nbsp;:<br>Quelques-uns de la promotion 2025, nouvellement dipl\u00f4m\u00e9s du DU QVT de l\u2019Universit\u00e9 de Toulouse Jean-Jaur\u00e8s.<br>Au milieu, debout&nbsp;: Julien Godefroy,<br>A droite&nbsp;: Jean-Philippe Toutut<br>Au milieu assis&nbsp;: Benjamin Saccomanno et Sabrina Djalot<\/p>\n\n\n\n<figure class=\"wp-block-image size-large\"><img loading=\"lazy\" decoding=\"async\" width=\"1024\" height=\"768\" src=\"https:\/\/cabinet-jpt.com\/BLOG\/wp-content\/uploads\/2025\/10\/IMG_5199-1024x768.jpeg\" alt=\"\" class=\"wp-image-731\" srcset=\"https:\/\/cabinet-jpt.com\/BLOG\/wp-content\/uploads\/2025\/10\/IMG_5199-1024x768.jpeg 1024w, https:\/\/cabinet-jpt.com\/BLOG\/wp-content\/uploads\/2025\/10\/IMG_5199-300x225.jpeg 300w, https:\/\/cabinet-jpt.com\/BLOG\/wp-content\/uploads\/2025\/10\/IMG_5199-768x576.jpeg 768w, https:\/\/cabinet-jpt.com\/BLOG\/wp-content\/uploads\/2025\/10\/IMG_5199-1536x1152.jpeg 1536w, https:\/\/cabinet-jpt.com\/BLOG\/wp-content\/uploads\/2025\/10\/IMG_5199-2048x1536.jpeg 2048w\" sizes=\"auto, (max-width: 1024px) 100vw, 1024px\" \/><\/figure>\n","protected":false},"excerpt":{"rendered":"<p>Moment de solennit\u00e9 et d\u2019\u00e9motion \u00e0 l\u2019Universit\u00e9 de Toulouse Jean Jaur\u00e8s,, ce jeudi 25 septembre\u00a0!Les stagiaires de la nouvelle promotion 2025-2026 du Dipl\u00f4me Universitaire \u00ab\u00a0Qualit\u00e9 de Vie et des Conditions de Travail\u00a0\u00bb \u00e9taient invit\u00e9s \u00e0 leur rentr\u00e9e de pr\u00e9sentation, tandis que ceux de la promotion pr\u00e9c\u00e9dente 2024-2026 \u00e9taient invit\u00e9s \u00e0 recevoir officiellement leurs dipl\u00f4mes. Dans [&hellip;]<\/p>\n","protected":false},"author":1,"featured_media":731,"comment_status":"open","ping_status":"open","sticky":false,"template":"","format":"standard","meta":{"_jetpack_memberships_contains_paid_content":false,"footnotes":"","jetpack_publicize_message":"","jetpack_publicize_feature_enabled":true,"jetpack_social_post_already_shared":true,"jetpack_social_options":{"image_generator_settings":{"template":"highway","default_image_id":0,"font":"","enabled":false},"version":2}},"categories":[1],"tags":[],"class_list":["post-730","post","type-post","status-publish","format-standard","has-post-thumbnail","hentry","category-nouvelles"],"yoast_head":"<!-- This site is optimized with the Yoast SEO plugin v27.2 - https:\/\/yoast.com\/product\/yoast-seo-wordpress\/ -->\n<title>Moment de solennit\u00e9 et d\u2019\u00e9motion \u00e0 l\u2019Universit\u00e9 de Toulouse Jean Jaur\u00e8s - BLOG<\/title>\n<meta name=\"robots\" content=\"index, follow, max-snippet:-1, max-image-preview:large, max-video-preview:-1\" \/>\n<link rel=\"canonical\" href=\"https:\/\/cabinet-jpt.com\/BLOG\/?p=730\" \/>\n<meta property=\"og:locale\" content=\"fr_FR\" \/>\n<meta property=\"og:type\" content=\"article\" \/>\n<meta property=\"og:title\" content=\"Moment de solennit\u00e9 et d\u2019\u00e9motion \u00e0 l\u2019Universit\u00e9 de Toulouse Jean Jaur\u00e8s - BLOG\" \/>\n<meta property=\"og:description\" content=\"Moment de solennit\u00e9 et d\u2019\u00e9motion \u00e0 l\u2019Universit\u00e9 de Toulouse Jean Jaur\u00e8s,, ce jeudi 25 septembre\u00a0!Les stagiaires de la nouvelle promotion 2025-2026 du Dipl\u00f4me Universitaire \u00ab\u00a0Qualit\u00e9 de Vie et des Conditions de Travail\u00a0\u00bb \u00e9taient invit\u00e9s \u00e0 leur rentr\u00e9e de pr\u00e9sentation, tandis que ceux de la promotion pr\u00e9c\u00e9dente 2024-2026 \u00e9taient invit\u00e9s \u00e0 recevoir officiellement leurs dipl\u00f4mes. Dans [&hellip;]\" \/>\n<meta property=\"og:url\" content=\"https:\/\/cabinet-jpt.com\/BLOG\/?p=730\" \/>\n<meta property=\"og:site_name\" content=\"BLOG\" \/>\n<meta property=\"article:publisher\" content=\"https:\/\/www.facebook.com\/CabinetJPTconsultants\" \/>\n<meta property=\"article:published_time\" content=\"2025-10-02T13:20:42+00:00\" \/>\n<meta property=\"article:modified_time\" content=\"2025-10-02T13:20:45+00:00\" \/>\n<meta property=\"og:image\" content=\"https:\/\/cabinet-jpt.com\/BLOG\/wp-content\/uploads\/2025\/10\/IMG_5199-scaled.jpeg\" \/>\n\t<meta property=\"og:image:width\" content=\"2560\" \/>\n\t<meta property=\"og:image:height\" content=\"1920\" \/>\n\t<meta property=\"og:image:type\" content=\"image\/jpeg\" \/>\n<meta name=\"author\" content=\"blogjpt\" \/>\n<meta name=\"twitter:card\" content=\"summary_large_image\" \/>\n<meta name=\"twitter:creator\" content=\"@JeanToutut\" \/>\n<meta name=\"twitter:site\" content=\"@JeanToutut\" \/>\n<meta name=\"twitter:label1\" content=\"\u00c9crit par\" \/>\n\t<meta name=\"twitter:data1\" content=\"blogjpt\" \/>\n\t<meta name=\"twitter:label2\" content=\"Dur\u00e9e de lecture estim\u00e9e\" \/>\n\t<meta name=\"twitter:data2\" content=\"2 minutes\" \/>\n<script type=\"application\/ld+json\" class=\"yoast-schema-graph\">{\"@context\":\"https:\/\/schema.org\",\"@graph\":[{\"@type\":\"NewsArticle\",\"@id\":\"https:\/\/cabinet-jpt.com\/BLOG\/?p=730#article\",\"isPartOf\":{\"@id\":\"https:\/\/cabinet-jpt.com\/BLOG\/?p=730\"},\"author\":{\"name\":\"blogjpt\",\"@id\":\"https:\/\/cabinet-jpt.com\/BLOG\/#\/schema\/person\/ecde2d3555cc43b2de221bf9a98862c8\"},\"headline\":\"Moment de solennit\u00e9 et d\u2019\u00e9motion \u00e0 l\u2019Universit\u00e9 de Toulouse Jean Jaur\u00e8s\",\"datePublished\":\"2025-10-02T13:20:42+00:00\",\"dateModified\":\"2025-10-02T13:20:45+00:00\",\"mainEntityOfPage\":{\"@id\":\"https:\/\/cabinet-jpt.com\/BLOG\/?p=730\"},\"wordCount\":225,\"commentCount\":0,\"publisher\":{\"@id\":\"https:\/\/cabinet-jpt.com\/BLOG\/#organization\"},\"image\":{\"@id\":\"https:\/\/cabinet-jpt.com\/BLOG\/?p=730#primaryimage\"},\"thumbnailUrl\":\"https:\/\/cabinet-jpt.com\/BLOG\/wp-content\/uploads\/2025\/10\/IMG_5199-scaled.jpeg\",\"articleSection\":[\"Actualit\u00e9s\"],\"inLanguage\":\"fr-FR\",\"potentialAction\":[{\"@type\":\"CommentAction\",\"name\":\"Comment\",\"target\":[\"https:\/\/cabinet-jpt.com\/BLOG\/?p=730#respond\"]}]},{\"@type\":\"WebPage\",\"@id\":\"https:\/\/cabinet-jpt.com\/BLOG\/?p=730\",\"url\":\"https:\/\/cabinet-jpt.com\/BLOG\/?p=730\",\"name\":\"Moment de solennit\u00e9 et d\u2019\u00e9motion \u00e0 l\u2019Universit\u00e9 de Toulouse Jean Jaur\u00e8s - BLOG\",\"isPartOf\":{\"@id\":\"https:\/\/cabinet-jpt.com\/BLOG\/#website\"},\"primaryImageOfPage\":{\"@id\":\"https:\/\/cabinet-jpt.com\/BLOG\/?p=730#primaryimage\"},\"image\":{\"@id\":\"https:\/\/cabinet-jpt.com\/BLOG\/?p=730#primaryimage\"},\"thumbnailUrl\":\"https:\/\/cabinet-jpt.com\/BLOG\/wp-content\/uploads\/2025\/10\/IMG_5199-scaled.jpeg\",\"datePublished\":\"2025-10-02T13:20:42+00:00\",\"dateModified\":\"2025-10-02T13:20:45+00:00\",\"breadcrumb\":{\"@id\":\"https:\/\/cabinet-jpt.com\/BLOG\/?p=730#breadcrumb\"},\"inLanguage\":\"fr-FR\",\"potentialAction\":[{\"@type\":\"ReadAction\",\"target\":[\"https:\/\/cabinet-jpt.com\/BLOG\/?p=730\"]}]},{\"@type\":\"ImageObject\",\"inLanguage\":\"fr-FR\",\"@id\":\"https:\/\/cabinet-jpt.com\/BLOG\/?p=730#primaryimage\",\"url\":\"https:\/\/cabinet-jpt.com\/BLOG\/wp-content\/uploads\/2025\/10\/IMG_5199-scaled.jpeg\",\"contentUrl\":\"https:\/\/cabinet-jpt.com\/BLOG\/wp-content\/uploads\/2025\/10\/IMG_5199-scaled.jpeg\",\"width\":2560,\"height\":1920},{\"@type\":\"BreadcrumbList\",\"@id\":\"https:\/\/cabinet-jpt.com\/BLOG\/?p=730#breadcrumb\",\"itemListElement\":[{\"@type\":\"ListItem\",\"position\":1,\"name\":\"Accueil\",\"item\":\"https:\/\/cabinet-jpt.com\/BLOG\"},{\"@type\":\"ListItem\",\"position\":2,\"name\":\"Moment de solennit\u00e9 et d\u2019\u00e9motion \u00e0 l\u2019Universit\u00e9 de Toulouse Jean Jaur\u00e8s\"}]},{\"@type\":\"WebSite\",\"@id\":\"https:\/\/cabinet-jpt.com\/BLOG\/#website\",\"url\":\"https:\/\/cabinet-jpt.com\/BLOG\/\",\"name\":\"BLOG\",\"description\":\"\",\"publisher\":{\"@id\":\"https:\/\/cabinet-jpt.com\/BLOG\/#organization\"},\"potentialAction\":[{\"@type\":\"SearchAction\",\"target\":{\"@type\":\"EntryPoint\",\"urlTemplate\":\"https:\/\/cabinet-jpt.com\/BLOG\/?s={search_term_string}\"},\"query-input\":{\"@type\":\"PropertyValueSpecification\",\"valueRequired\":true,\"valueName\":\"search_term_string\"}}],\"inLanguage\":\"fr-FR\"},{\"@type\":\"Organization\",\"@id\":\"https:\/\/cabinet-jpt.com\/BLOG\/#organization\",\"name\":\"Cabinet Jean-Philippe Toutut Consultants\",\"url\":\"https:\/\/cabinet-jpt.com\/BLOG\/\",\"logo\":{\"@type\":\"ImageObject\",\"inLanguage\":\"fr-FR\",\"@id\":\"https:\/\/cabinet-jpt.com\/BLOG\/#\/schema\/logo\/image\/\",\"url\":\"https:\/\/cabinet-jpt.com\/BLOG\/wp-content\/uploads\/2019\/10\/LogoJp-e1533578331213.png\",\"contentUrl\":\"https:\/\/cabinet-jpt.com\/BLOG\/wp-content\/uploads\/2019\/10\/LogoJp-e1533578331213.png\",\"width\":156,\"height\":140,\"caption\":\"Cabinet Jean-Philippe Toutut Consultants\"},\"image\":{\"@id\":\"https:\/\/cabinet-jpt.com\/BLOG\/#\/schema\/logo\/image\/\"},\"sameAs\":[\"https:\/\/www.facebook.com\/CabinetJPTconsultants\",\"https:\/\/x.com\/JeanToutut\",\"https:\/\/www.pinterest.es\/CabinetJPTC\"]},{\"@type\":\"Person\",\"@id\":\"https:\/\/cabinet-jpt.com\/BLOG\/#\/schema\/person\/ecde2d3555cc43b2de221bf9a98862c8\",\"name\":\"blogjpt\",\"image\":{\"@type\":\"ImageObject\",\"inLanguage\":\"fr-FR\",\"@id\":\"https:\/\/secure.gravatar.com\/avatar\/cd755de689901b5fa62ef49013cb4333f49f3b1bb35f01ecc7cf6c0f4a7b5ef9?s=96&d=mm&r=g\",\"url\":\"https:\/\/secure.gravatar.com\/avatar\/cd755de689901b5fa62ef49013cb4333f49f3b1bb35f01ecc7cf6c0f4a7b5ef9?s=96&d=mm&r=g\",\"contentUrl\":\"https:\/\/secure.gravatar.com\/avatar\/cd755de689901b5fa62ef49013cb4333f49f3b1bb35f01ecc7cf6c0f4a7b5ef9?s=96&d=mm&r=g\",\"caption\":\"blogjpt\"},\"url\":\"https:\/\/cabinet-jpt.com\/BLOG\/?author=1\"}]}<\/script>\n<!-- \/ Yoast SEO plugin. -->","yoast_head_json":{"title":"Moment de solennit\u00e9 et d\u2019\u00e9motion \u00e0 l\u2019Universit\u00e9 de Toulouse Jean Jaur\u00e8s - BLOG","robots":{"index":"index","follow":"follow","max-snippet":"max-snippet:-1","max-image-preview":"max-image-preview:large","max-video-preview":"max-video-preview:-1"},"canonical":"https:\/\/cabinet-jpt.com\/BLOG\/?p=730","og_locale":"fr_FR","og_type":"article","og_title":"Moment de solennit\u00e9 et d\u2019\u00e9motion \u00e0 l\u2019Universit\u00e9 de Toulouse Jean Jaur\u00e8s - BLOG","og_description":"Moment de solennit\u00e9 et d\u2019\u00e9motion \u00e0 l\u2019Universit\u00e9 de Toulouse Jean Jaur\u00e8s,, ce jeudi 25 septembre\u00a0!Les stagiaires de la nouvelle promotion 2025-2026 du Dipl\u00f4me Universitaire \u00ab\u00a0Qualit\u00e9 de Vie et des Conditions de Travail\u00a0\u00bb \u00e9taient invit\u00e9s \u00e0 leur rentr\u00e9e de pr\u00e9sentation, tandis que ceux de la promotion pr\u00e9c\u00e9dente 2024-2026 \u00e9taient invit\u00e9s \u00e0 recevoir officiellement leurs dipl\u00f4mes. Dans [&hellip;]","og_url":"https:\/\/cabinet-jpt.com\/BLOG\/?p=730","og_site_name":"BLOG","article_publisher":"https:\/\/www.facebook.com\/CabinetJPTconsultants","article_published_time":"2025-10-02T13:20:42+00:00","article_modified_time":"2025-10-02T13:20:45+00:00","og_image":[{"width":2560,"height":1920,"url":"https:\/\/cabinet-jpt.com\/BLOG\/wp-content\/uploads\/2025\/10\/IMG_5199-scaled.jpeg","type":"image\/jpeg"}],"author":"blogjpt","twitter_card":"summary_large_image","twitter_creator":"@JeanToutut","twitter_site":"@JeanToutut","twitter_misc":{"\u00c9crit par":"blogjpt","Dur\u00e9e de lecture estim\u00e9e":"2 minutes"},"schema":{"@context":"https:\/\/schema.org","@graph":[{"@type":"NewsArticle","@id":"https:\/\/cabinet-jpt.com\/BLOG\/?p=730#article","isPartOf":{"@id":"https:\/\/cabinet-jpt.com\/BLOG\/?p=730"},"author":{"name":"blogjpt","@id":"https:\/\/cabinet-jpt.com\/BLOG\/#\/schema\/person\/ecde2d3555cc43b2de221bf9a98862c8"},"headline":"Moment de solennit\u00e9 et d\u2019\u00e9motion \u00e0 l\u2019Universit\u00e9 de Toulouse Jean Jaur\u00e8s","datePublished":"2025-10-02T13:20:42+00:00","dateModified":"2025-10-02T13:20:45+00:00","mainEntityOfPage":{"@id":"https:\/\/cabinet-jpt.com\/BLOG\/?p=730"},"wordCount":225,"commentCount":0,"publisher":{"@id":"https:\/\/cabinet-jpt.com\/BLOG\/#organization"},"image":{"@id":"https:\/\/cabinet-jpt.com\/BLOG\/?p=730#primaryimage"},"thumbnailUrl":"https:\/\/cabinet-jpt.com\/BLOG\/wp-content\/uploads\/2025\/10\/IMG_5199-scaled.jpeg","articleSection":["Actualit\u00e9s"],"inLanguage":"fr-FR","potentialAction":[{"@type":"CommentAction","name":"Comment","target":["https:\/\/cabinet-jpt.com\/BLOG\/?p=730#respond"]}]},{"@type":"WebPage","@id":"https:\/\/cabinet-jpt.com\/BLOG\/?p=730","url":"https:\/\/cabinet-jpt.com\/BLOG\/?p=730","name":"Moment de solennit\u00e9 et d\u2019\u00e9motion \u00e0 l\u2019Universit\u00e9 de Toulouse Jean Jaur\u00e8s - BLOG","isPartOf":{"@id":"https:\/\/cabinet-jpt.com\/BLOG\/#website"},"primaryImageOfPage":{"@id":"https:\/\/cabinet-jpt.com\/BLOG\/?p=730#primaryimage"},"image":{"@id":"https:\/\/cabinet-jpt.com\/BLOG\/?p=730#primaryimage"},"thumbnailUrl":"https:\/\/cabinet-jpt.com\/BLOG\/wp-content\/uploads\/2025\/10\/IMG_5199-scaled.jpeg","datePublished":"2025-10-02T13:20:42+00:00","dateModified":"2025-10-02T13:20:45+00:00","breadcrumb":{"@id":"https:\/\/cabinet-jpt.com\/BLOG\/?p=730#breadcrumb"},"inLanguage":"fr-FR","potentialAction":[{"@type":"ReadAction","target":["https:\/\/cabinet-jpt.com\/BLOG\/?p=730"]}]},{"@type":"ImageObject","inLanguage":"fr-FR","@id":"https:\/\/cabinet-jpt.com\/BLOG\/?p=730#primaryimage","url":"https:\/\/cabinet-jpt.com\/BLOG\/wp-content\/uploads\/2025\/10\/IMG_5199-scaled.jpeg","contentUrl":"https:\/\/cabinet-jpt.com\/BLOG\/wp-content\/uploads\/2025\/10\/IMG_5199-scaled.jpeg","width":2560,"height":1920},{"@type":"BreadcrumbList","@id":"https:\/\/cabinet-jpt.com\/BLOG\/?p=730#breadcrumb","itemListElement":[{"@type":"ListItem","position":1,"name":"Accueil","item":"https:\/\/cabinet-jpt.com\/BLOG"},{"@type":"ListItem","position":2,"name":"Moment de solennit\u00e9 et d\u2019\u00e9motion \u00e0 l\u2019Universit\u00e9 de Toulouse Jean Jaur\u00e8s"}]},{"@type":"WebSite","@id":"https:\/\/cabinet-jpt.com\/BLOG\/#website","url":"https:\/\/cabinet-jpt.com\/BLOG\/","name":"BLOG","description":"","publisher":{"@id":"https:\/\/cabinet-jpt.com\/BLOG\/#organization"},"potentialAction":[{"@type":"SearchAction","target":{"@type":"EntryPoint","urlTemplate":"https:\/\/cabinet-jpt.com\/BLOG\/?s={search_term_string}"},"query-input":{"@type":"PropertyValueSpecification","valueRequired":true,"valueName":"search_term_string"}}],"inLanguage":"fr-FR"},{"@type":"Organization","@id":"https:\/\/cabinet-jpt.com\/BLOG\/#organization","name":"Cabinet Jean-Philippe Toutut Consultants","url":"https:\/\/cabinet-jpt.com\/BLOG\/","logo":{"@type":"ImageObject","inLanguage":"fr-FR","@id":"https:\/\/cabinet-jpt.com\/BLOG\/#\/schema\/logo\/image\/","url":"https:\/\/cabinet-jpt.com\/BLOG\/wp-content\/uploads\/2019\/10\/LogoJp-e1533578331213.png","contentUrl":"https:\/\/cabinet-jpt.com\/BLOG\/wp-content\/uploads\/2019\/10\/LogoJp-e1533578331213.png","width":156,"height":140,"caption":"Cabinet Jean-Philippe Toutut Consultants"},"image":{"@id":"https:\/\/cabinet-jpt.com\/BLOG\/#\/schema\/logo\/image\/"},"sameAs":["https:\/\/www.facebook.com\/CabinetJPTconsultants","https:\/\/x.com\/JeanToutut","https:\/\/www.pinterest.es\/CabinetJPTC"]},{"@type":"Person","@id":"https:\/\/cabinet-jpt.com\/BLOG\/#\/schema\/person\/ecde2d3555cc43b2de221bf9a98862c8","name":"blogjpt","image":{"@type":"ImageObject","inLanguage":"fr-FR","@id":"https:\/\/secure.gravatar.com\/avatar\/cd755de689901b5fa62ef49013cb4333f49f3b1bb35f01ecc7cf6c0f4a7b5ef9?s=96&d=mm&r=g","url":"https:\/\/secure.gravatar.com\/avatar\/cd755de689901b5fa62ef49013cb4333f49f3b1bb35f01ecc7cf6c0f4a7b5ef9?s=96&d=mm&r=g","contentUrl":"https:\/\/secure.gravatar.com\/avatar\/cd755de689901b5fa62ef49013cb4333f49f3b1bb35f01ecc7cf6c0f4a7b5ef9?s=96&d=mm&r=g","caption":"blogjpt"},"url":"https:\/\/cabinet-jpt.com\/BLOG\/?author=1"}]}},"jetpack_publicize_connections":[],"jetpack_featured_media_url":"https:\/\/cabinet-jpt.com\/BLOG\/wp-content\/uploads\/2025\/10\/IMG_5199-scaled.jpeg","jetpack_sharing_enabled":true,"jetpack_likes_enabled":true,"post_mailing_queue_ids":[],"_links":{"self":[{"href":"https:\/\/cabinet-jpt.com\/BLOG\/index.php?rest_route=\/wp\/v2\/posts\/730","targetHints":{"allow":["GET"]}}],"collection":[{"href":"https:\/\/cabinet-jpt.com\/BLOG\/index.php?rest_route=\/wp\/v2\/posts"}],"about":[{"href":"https:\/\/cabinet-jpt.com\/BLOG\/index.php?rest_route=\/wp\/v2\/types\/post"}],"author":[{"embeddable":true,"href":"https:\/\/cabinet-jpt.com\/BLOG\/index.php?rest_route=\/wp\/v2\/users\/1"}],"replies":[{"embeddable":true,"href":"https:\/\/cabinet-jpt.com\/BLOG\/index.php?rest_route=%2Fwp%2Fv2%2Fcomments&post=730"}],"version-history":[{"count":-4,"href":"https:\/\/cabinet-jpt.com\/BLOG\/index.php?rest_route=\/wp\/v2\/posts\/730\/revisions"}],"wp:featuredmedia":[{"embeddable":true,"href":"https:\/\/cabinet-jpt.com\/BLOG\/index.php?rest_route=\/wp\/v2\/media\/731"}],"wp:attachment":[{"href":"https:\/\/cabinet-jpt.com\/BLOG\/index.php?rest_route=%2Fwp%2Fv2%2Fmedia&parent=730"}],"wp:term":[{"taxonomy":"category","embeddable":true,"href":"https:\/\/cabinet-jpt.com\/BLOG\/index.php?rest_route=%2Fwp%2Fv2%2Fcategories&post=730"},{"taxonomy":"post_tag","embeddable":true,"href":"https:\/\/cabinet-jpt.com\/BLOG\/index.php?rest_route=%2Fwp%2Fv2%2Ftags&post=730"}],"curies":[{"name":"wp","href":"https:\/\/api.w.org\/{rel}","templated":true}]}}