{"id":743,"date":"2025-11-27T10:21:39","date_gmt":"2025-11-27T09:21:39","guid":{"rendered":"https:\/\/cabinet-jpt.com\/BLOG\/?p=743"},"modified":"2025-11-27T10:22:00","modified_gmt":"2025-11-27T09:22:00","slug":"qvct-rps","status":"publish","type":"post","link":"https:\/\/cabinet-jpt.com\/BLOG\/?p=743","title":{"rendered":"QVCT et risques psychosociaux : pourquoi les confondre ralentit les \u00e9tablissements"},"content":{"rendered":"\n<p>La semaine derni\u00e8re, une directrice d&rsquo;EHPAD me contactait, inqui\u00e8te : \u00ab Nous avons lanc\u00e9 une d\u00e9marche QVCT il y a 6 mois. Nous avons mis en place une cellule d&rsquo;\u00e9coute, des ateliers de gestion du stress, un num\u00e9ro vert&#8230; Mais l&rsquo;ambiance ne s&rsquo;am\u00e9liore pas et l&rsquo;absent\u00e9isme continue d&rsquo;augmenter. Qu&rsquo;est-ce qui ne fonctionne pas ? \u00bb<\/p>\n\n\n\n<p>La r\u00e9ponse tenait en une phrase : <strong>vous n&rsquo;avez pas fait de la QVCT, vous avez fait de la pr\u00e9vention des risques psychosociaux<\/strong>.<\/p>\n\n\n\n<p>Cette confusion est l&rsquo;une des plus co\u00fbteuses pour les \u00e9tablissements m\u00e9dico-sociaux. Elle freine les d\u00e9marches, \u00e9puise les \u00e9quipes de direction, et g\u00e9n\u00e8re de la frustration chez les professionnels qui ne voient pas d&rsquo;am\u00e9lioration concr\u00e8te de leurs conditions de travail.<\/p>\n\n\n\n<p>Voyons pourquoi cette distinction est cruciale, et comment la clarifier change tout.<\/p>\n\n\n\n<h2 class=\"wp-block-heading\"><strong>QVCT et RPS : deux d\u00e9marches, deux logiques<\/strong><\/h2>\n\n\n\n<h3 class=\"wp-block-heading\"><strong>La pr\u00e9vention des RPS : une approche centr\u00e9e sur les risques<\/strong><\/h3>\n\n\n\n<p>La pr\u00e9vention des risques psychosociaux (RPS) part des <strong>probl\u00e8mes<\/strong> : stress chronique, \u00e9puisement professionnel, violence, harc\u00e8lement, souffrance au travail. Elle vise \u00e0 <strong>identifier les risques, les \u00e9valuer, et mettre en place des mesures pour les r\u00e9duire<\/strong>.<\/p>\n\n\n\n<p>C&rsquo;est une d\u00e9marche essentiellement <strong>r\u00e9active et corrective<\/strong> : on agit parce qu&rsquo;il y a un probl\u00e8me \u00e0 r\u00e9soudre, un risque \u00e0 pr\u00e9venir, une obligation r\u00e9glementaire \u00e0 respecter (Document Unique d&rsquo;\u00c9valuation des Risques Professionnels).<\/p>\n\n\n\n<h3 class=\"wp-block-heading\"><strong>Exemples concrets dans le m\u00e9dico-social :<\/strong><\/h3>\n\n\n\n<ul class=\"wp-block-list\">\n<li>Mettre en place un protocole apr\u00e8s une agression d&rsquo;un r\u00e9sident<\/li>\n\n\n\n<li>Accompagner une \u00e9quipe apr\u00e8s un d\u00e9c\u00e8s traumatisant<\/li>\n\n\n\n<li>Former les managers \u00e0 d\u00e9tecter les signaux faibles de souffrance<\/li>\n\n\n\n<li>Cr\u00e9er une cellule de soutien psychologique<\/li>\n<\/ul>\n\n\n\n<h3 class=\"wp-block-heading\"><strong>La QVCT : une approche centr\u00e9e sur les conditions de travail<\/strong><\/h3>\n\n\n\n<p>La QVCT, elle, est une d\u00e9marche <strong>proactive et constructive<\/strong>. Elle ne part pas des probl\u00e8mes, mais d&rsquo;une question simple : <strong>comment am\u00e9liorer les conditions dans lesquelles le travail s&rsquo;effectue pour que chacun puisse bien faire son travail et y trouver du sens ?<\/strong><\/p>\n\n\n\n<p>Elle concerne <strong>tous les professionnels<\/strong>, pas seulement ceux en difficult\u00e9. Elle vise \u00e0 d\u00e9velopper l&rsquo;autonomie, la coop\u00e9ration, la reconnaissance, les moyens de bien travailler.<\/p>\n\n\n\n<p><strong>Exemples concrets dans le m\u00e9dico-social :<\/strong><\/p>\n\n\n\n<ul class=\"wp-block-list\">\n<li>R\u00e9organiser les tourn\u00e9es des aides-soignants pour r\u00e9duire les interruptions constantes<\/li>\n\n\n\n<li>Cr\u00e9er des espaces de r\u00e9gulation o\u00f9 les \u00e9quipes \u00e9ducatives peuvent \u00e9changer sur les situations complexes<\/li>\n\n\n\n<li>Clarifier les r\u00f4les et responsabilit\u00e9s entre infirmiers et aides-soignants<\/li>\n\n\n\n<li>Am\u00e9liorer la transmission d&rsquo;informations entre \u00e9quipes du matin et du soir<\/li>\n\n\n\n<li>Donner aux chefs de service les marges de man\u0153uvre n\u00e9cessaires pour adapter l&rsquo;organisation<\/li>\n<\/ul>\n\n\n\n<h2 class=\"wp-block-heading\"><strong>Pourquoi la confusion ralentit les \u00e9tablissements ?<\/strong><\/h2>\n\n\n\n<h3 class=\"wp-block-heading\"><strong>1. Une d\u00e9marche per\u00e7ue comme stigmatisante<\/strong><\/h3>\n\n\n\n<p>Quand on pr\u00e9sente la QVCT comme une r\u00e9ponse aux RPS, le message implicite est : \u00ab vous allez mal, nous allons vous soigner \u00bb. Les professionnels qui se sentent bien dans leur travail ne se sentent pas concern\u00e9s. Ceux qui vivent des difficult\u00e9s peuvent se sentir point\u00e9s du doigt.<\/p>\n\n\n\n<p><strong>R\u00e9sultat<\/strong> : une mobilisation partielle, voire une r\u00e9sistance passive.<\/p>\n\n\n\n<h3 class=\"wp-block-heading\"><strong>2. Des actions qui passent \u00e0 c\u00f4t\u00e9 des vrais leviers<\/strong><\/h3>\n\n\n\n<p>Les dispositifs de pr\u00e9vention des RPS (cellule d&rsquo;\u00e9coute, ateliers bien-\u00eatre, num\u00e9ro vert) sont utiles, mais <strong>ils n&rsquo;am\u00e9liorent pas les conditions de travail<\/strong>. Ils aident \u00e0 \u00ab tenir \u00bb, pas \u00e0 transformer ce qui pose probl\u00e8me.<\/p>\n\n\n\n<p><strong>Exemple concret<\/strong> : dans un IME, les \u00e9ducateurs se plaignent d&rsquo;\u00eatre constamment interrompus dans leur travail aupr\u00e8s des jeunes. On leur propose des ateliers de gestion du stress. Cela les aide peut-\u00eatre \u00e0 mieux g\u00e9rer leur frustration, mais cela ne r\u00e9sout pas le probl\u00e8me de fond : l&rsquo;organisation du travail qui g\u00e9n\u00e8re ces interruptions.<\/p>\n\n\n\n<h3 class=\"wp-block-heading\"><strong>3. Un \u00e9puisement des ressources sans r\u00e9sultats durables<\/strong><\/h3>\n\n\n\n<p>Les \u00e9tablissements investissent temps et argent dans des actions qui traitent les sympt\u00f4mes, pas les causes. Au bout de quelques mois, les m\u00eames difficult\u00e9s r\u00e9apparaissent. L&rsquo;\u00e9quipe de direction se d\u00e9courage : \u00ab nous avons tout essay\u00e9, rien ne fonctionne \u00bb.<\/p>\n\n\n\n<p><strong>En r\u00e9alit\u00e9<\/strong>, on n&rsquo;a pas tout essay\u00e9. On a trait\u00e9 les cons\u00e9quences, pas les conditions de travail elles-m\u00eames.<\/p>\n\n\n\n<h2 class=\"wp-block-heading\"><strong>Un exemple terrain : l&rsquo;usure professionnelle en MAS<\/strong><\/h2>\n\n\n\n<p>Prenons le cas d&rsquo;une Maison d&rsquo;Accueil Sp\u00e9cialis\u00e9e confront\u00e9e \u00e0 une <strong>usure professionnelle<\/strong> croissante des aides m\u00e9dico-psychologiques (AMP).<\/p>\n\n\n\n<h3 class=\"wp-block-heading\"><strong>Approche \u00ab pr\u00e9vention RPS \u00bb (insuffisante)<\/strong><\/h3>\n\n\n\n<ul class=\"wp-block-list\">\n<li>Diagnostic : les AMP sont \u00e9puis\u00e9s, plusieurs arr\u00eats maladie<\/li>\n\n\n\n<li>Actions : formation \u00e0 la gestion du stress, mise en place d&rsquo;un soutien psychologique, sensibilisation au burn-out<\/li>\n\n\n\n<li>R\u00e9sultat : appr\u00e9ci\u00e9 sur le moment, mais l&rsquo;usure continue car les causes organisationnelles ne sont pas trait\u00e9es<\/li>\n<\/ul>\n\n\n\n<h3 class=\"wp-block-heading\"><strong>Approche \u00ab QVCT \u00bb (transformative)<\/strong><\/h3>\n\n\n\n<ul class=\"wp-block-list\">\n<li>Diagnostic : pourquoi cette usure ? Investigation sur le travail r\u00e9el<\/li>\n\n\n\n<li>Constats :\n<ul class=\"wp-block-list\">\n<li>Charge \u00e9motionnelle : les AMP g\u00e8rent seuls des situations complexes sans espace de r\u00e9gulation collective<\/li>\n\n\n\n<li>Emp\u00eachement : ils n&rsquo;ont pas le temps de faire le \u00ab beau travail \u00bb avec les r\u00e9sidents, seulement les soins de base<\/li>\n\n\n\n<li>Manque de reconnaissance : leur expertise sur les r\u00e9sidents est peu sollicit\u00e9e dans les d\u00e9cisions<\/li>\n\n\n\n<li>Organisation : les roulements ne permettent pas de continuit\u00e9 dans l&rsquo;accompagnement<\/li>\n<\/ul>\n<\/li>\n\n\n\n<li>Actions QVCT :\n<ul class=\"wp-block-list\">\n<li>Cr\u00e9ation d&rsquo;un temps hebdomadaire de r\u00e9gulation d&rsquo;\u00e9quipe sur les situations complexes<\/li>\n\n\n\n<li>R\u00e9organisation des plannings pour garantir une continuit\u00e9 d&rsquo;accompagnement<\/li>\n\n\n\n<li>Valorisation de l&rsquo;expertise des AMP en les associant aux d\u00e9cisions concernant les projets personnalis\u00e9s<\/li>\n\n\n\n<li>Clarification des priorit\u00e9s : qu&rsquo;est-ce qu&rsquo;un \u00ab bon accompagnement \u00bb ? Qu&rsquo;est-ce qui peut \u00eatre report\u00e9 ?<\/li>\n<\/ul>\n<\/li>\n\n\n\n<li>R\u00e9sultat : les AMP se sentent plus soutenus, retrouvent du sens dans leur travail, et l&rsquo;usure diminue durablement car les conditions de travail ont chang\u00e9.<\/li>\n<\/ul>\n\n\n\n<p><strong>La diff\u00e9rence ?<\/strong> La premi\u00e8re approche aide \u00e0 \u00ab tenir malgr\u00e9 \u00bb les contraintes. La seconde transforme les contraintes elles-m\u00eames.<\/p>\n\n\n\n<h2 class=\"wp-block-heading\"><strong>Micro-outil : le cadrage conceptuel en 3 questions<\/strong><\/h2>\n\n\n\n<p>Pour \u00e9viter cette confusion dans votre \u00e9tablissement, posez-vous ces trois questions avant toute action :<\/p>\n\n\n\n<h3 class=\"wp-block-heading\"><strong>Question 1 : Quel est notre point de d\u00e9part ?<\/strong><\/h3>\n\n\n\n<ul class=\"wp-block-list\">\n<li>\u274c RPS : \u00ab Nous avons un probl\u00e8me (absent\u00e9isme, tensions, souffrance) \u00bb<\/li>\n\n\n\n<li>\u2705 QVCT : \u00ab Comment am\u00e9liorer les conditions de travail pour tous ? \u00bb<\/li>\n<\/ul>\n\n\n\n<h3 class=\"wp-block-heading\"><strong>Question 2 : Qui est concern\u00e9 ?<\/strong><\/h3>\n\n\n\n<ul class=\"wp-block-list\">\n<li>\u274c RPS : Les personnes en difficult\u00e9, celles qui \u00ab vont mal \u00bb<\/li>\n\n\n\n<li>\u2705 QVCT : L&rsquo;ensemble des professionnels, quelle que soit leur situation<\/li>\n<\/ul>\n\n\n\n<h3 class=\"wp-block-heading\"><strong>Question 3 : Sur quoi agissons-nous ?<\/strong><\/h3>\n\n\n\n<ul class=\"wp-block-list\">\n<li>\u274c RPS : Sur les individus (les aider \u00e0 g\u00e9rer, \u00e0 tenir, \u00e0 r\u00e9cup\u00e9rer)<\/li>\n\n\n\n<li>\u2705 QVCT : Sur l&rsquo;organisation du travail (processus, moyens, autonomie, coop\u00e9ration, reconnaissance)<\/li>\n<\/ul>\n\n\n\n<p><strong>Le test simple<\/strong> : si votre action pourrait \u00eatre r\u00e9sum\u00e9e par \u00ab aider les gens \u00e0 mieux supporter les difficult\u00e9s \u00bb, vous \u00eates dans une logique RPS. Si elle peut \u00eatre r\u00e9sum\u00e9e par \u00ab transformer ce qui g\u00e9n\u00e8re les difficult\u00e9s \u00bb, vous \u00eates dans une logique QVCT.<\/p>\n\n\n\n<h2 class=\"wp-block-heading\"><strong>Les deux d\u00e9marches sont compl\u00e9mentaires, pas interchangeables<\/strong><\/h2>\n\n\n\n<p>Pr\u00e9cisons-le clairement : <strong>il ne s&rsquo;agit pas d&rsquo;opposer QVCT et pr\u00e9vention des RPS<\/strong>. Les deux sont n\u00e9cessaires.<\/p>\n\n\n\n<ul class=\"wp-block-list\">\n<li>Quand un \u00e9tablissement fait face \u00e0 des situations de souffrance au travail, il doit d&rsquo;abord <strong>prot\u00e9ger et accompagner<\/strong> les personnes concern\u00e9es (pr\u00e9vention RPS).<\/li>\n\n\n\n<li>Mais parall\u00e8lement, il doit <strong>transformer les conditions de travail<\/strong> qui ont g\u00e9n\u00e9r\u00e9 ces situations (QVCT).<\/li>\n<\/ul>\n\n\n\n<p>Le probl\u00e8me survient quand on fait l&rsquo;un \u00e0 la place de l&rsquo;autre, ou qu&rsquo;on croit faire de la QVCT alors qu&rsquo;on ne fait que de la pr\u00e9vention RPS.<\/p>\n\n\n\n<p><strong>La question \u00e0 se poser<\/strong> : dans notre \u00e9tablissement, avons-nous clairement distingu\u00e9 les actions qui rel\u00e8vent de la pr\u00e9vention des RPS de celles qui rel\u00e8vent de la QVCT ? Investissons-nous autant d&rsquo;\u00e9nergie \u00e0 transformer les conditions de travail qu&rsquo;\u00e0 accompagner les personnes en difficult\u00e9 ?<\/p>\n\n\n\n<hr class=\"wp-block-separator has-alpha-channel-opacity\"\/>\n\n\n\n<h2 class=\"wp-block-heading\"><strong>Vous voulez clarifier votre d\u00e9marche ?<\/strong><\/h2>\n\n\n\n<p>Cette distinction entre QVCT et RPS est l&rsquo;une des cl\u00e9s m\u00e9thodologiques essentielles pour r\u00e9ussir une d\u00e9marche dans le m\u00e9dico-social. C&rsquo;est pourquoi j&rsquo;y consacre une partie importante du premier webinaire de notre cycle :<\/p>\n\n\n\n<p>\ud83c\udfaf <strong>Webinaire 1 &#8211; L&rsquo;ABC de la QVCT et les grandes lignes m\u00e9thodologiques<\/strong><br>\ud83d\udcc5 Vendredi 5 d\u00e9cembre, 11h-12h<br>\u2192 Clarifier QVCT vs RPS, comprendre les r\u00e9f\u00e9rentiels, disposer d&rsquo;un tableau de bord m\u00e9thodologique complet<\/p>\n\n\n\n<p>\ud83c\udfaf <strong>Webinaire 2 &#8211; QVCT : m\u00e9thode de mise en \u0153uvre et principaux outils<\/strong><br>\ud83d\udcc5 Jeudi 16 janvier, 13h-14h<br>\u2192 Les outils concrets pour transformer les conditions de travail (pas seulement g\u00e9rer les sympt\u00f4mes)<\/p>\n\n\n\n<p>\ud83c\udfaf <strong>Webinaire 3 &#8211; Gestion de projet QVCT, suivi-\u00e9valuation, ouverture \u00e0 la RSE<\/strong><br>\ud83d\udcc5 Jeudi 6 f\u00e9vrier, 11h-12h<br>\u2192 Piloter dans la dur\u00e9e et \u00e9viter que la d\u00e9marche s&rsquo;essouffle<\/p>\n\n\n\n<p><strong>Format<\/strong> : 20-30 minutes de pr\u00e9sentation pragmatique + \u00e9changes sur vos situations concr\u00e8tes<br><strong>Public<\/strong> : Directeurs, RH, responsables qualit\u00e9, m\u00e9decins du travail, repr\u00e9sentants du personnel du secteur m\u00e9dico-social<\/p>\n\n\n\n<p>\ud83d\udca1 <strong>Chaque webinaire est autonome<\/strong> \u2013 inscrivez-vous \u00e0 celui qui correspond \u00e0 votre besoin imm\u00e9diat.<\/p>\n\n\n\n<p>\ud83d\udccc <strong>Le cadrage complet QVCT\/RPS et les inscriptions<\/strong> : www.cabinet-jpt.com<\/p>\n\n\n\n<hr class=\"wp-block-separator has-alpha-channel-opacity\"\/>\n\n\n\n<p><em>Et vous, dans votre \u00e9tablissement, avez-vous d\u00e9j\u00e0 confondu les deux approches ? Qu&rsquo;est-ce que cela a chang\u00e9 une fois la distinction clarifi\u00e9e ? Partagez votre exp\u00e9rience en commentaire.<\/em><\/p>\n\n\n\n<p>#QVCT #RPS #SecteurM\u00e9dicoSocial #ConditionsDeTravail #Pr\u00e9ventionRPS #EHPAD #IME #MAS #ManagementSocial #RH #Sant\u00e9AuTravail #TransformationOrganisationnelle<\/p>\n","protected":false},"excerpt":{"rendered":"<p>La semaine derni\u00e8re, une directrice d&rsquo;EHPAD me contactait, inqui\u00e8te : \u00ab Nous avons lanc\u00e9 une d\u00e9marche QVCT il y a 6 mois. Nous avons mis en place une cellule d&rsquo;\u00e9coute, des ateliers de gestion du stress, un num\u00e9ro vert&#8230; Mais l&rsquo;ambiance ne s&rsquo;am\u00e9liore pas et l&rsquo;absent\u00e9isme continue d&rsquo;augmenter. Qu&rsquo;est-ce qui ne fonctionne pas ? \u00bb [&hellip;]<\/p>\n","protected":false},"author":1,"featured_media":0,"comment_status":"open","ping_status":"open","sticky":true,"template":"","format":"standard","meta":{"_jetpack_memberships_contains_paid_content":false,"footnotes":"","jetpack_publicize_message":"","jetpack_publicize_feature_enabled":true,"jetpack_social_post_already_shared":true,"jetpack_social_options":{"image_generator_settings":{"template":"highway","default_image_id":0,"font":"","enabled":false},"version":2}},"categories":[3,4],"tags":[],"class_list":["post-743","post","type-post","status-publish","format-standard","hentry","category-qvt","category-rps"],"yoast_head":"<!-- This site is optimized with the Yoast SEO plugin v27.2 - https:\/\/yoast.com\/product\/yoast-seo-wordpress\/ -->\n<title>QVCT et risques psychosociaux : pourquoi les confondre ralentit les \u00e9tablissements - BLOG<\/title>\n<meta name=\"description\" content=\"QVCT et risques psychosociaux : pourquoi les confondre ralentit les \u00e9tablissements, deux d\u00e9marches sont compl\u00e9mentaires, pas interchangeables\" \/>\n<meta name=\"robots\" content=\"index, follow, max-snippet:-1, max-image-preview:large, max-video-preview:-1\" \/>\n<link rel=\"canonical\" href=\"https:\/\/cabinet-jpt.com\/BLOG\/?p=743\" \/>\n<meta property=\"og:locale\" content=\"fr_FR\" \/>\n<meta property=\"og:type\" content=\"article\" \/>\n<meta property=\"og:title\" content=\"QVCT et risques psychosociaux : pourquoi les confondre ralentit les \u00e9tablissements - BLOG\" \/>\n<meta property=\"og:description\" content=\"QVCT et risques psychosociaux : pourquoi les confondre ralentit les \u00e9tablissements, deux d\u00e9marches sont compl\u00e9mentaires, pas interchangeables\" \/>\n<meta property=\"og:url\" content=\"https:\/\/cabinet-jpt.com\/BLOG\/?p=743\" \/>\n<meta property=\"og:site_name\" content=\"BLOG\" \/>\n<meta property=\"article:publisher\" content=\"https:\/\/www.facebook.com\/CabinetJPTconsultants\" \/>\n<meta property=\"article:published_time\" content=\"2025-11-27T09:21:39+00:00\" \/>\n<meta property=\"article:modified_time\" content=\"2025-11-27T09:22:00+00:00\" \/>\n<meta name=\"author\" content=\"blogjpt\" \/>\n<meta name=\"twitter:card\" content=\"summary_large_image\" \/>\n<meta name=\"twitter:creator\" content=\"@JeanToutut\" \/>\n<meta name=\"twitter:site\" content=\"@JeanToutut\" \/>\n<meta name=\"twitter:label1\" content=\"\u00c9crit par\" \/>\n\t<meta name=\"twitter:data1\" content=\"blogjpt\" \/>\n\t<meta name=\"twitter:label2\" content=\"Dur\u00e9e de lecture estim\u00e9e\" \/>\n\t<meta name=\"twitter:data2\" content=\"7 minutes\" \/>\n<script type=\"application\/ld+json\" class=\"yoast-schema-graph\">{\"@context\":\"https:\/\/schema.org\",\"@graph\":[{\"@type\":\"NewsArticle\",\"@id\":\"https:\/\/cabinet-jpt.com\/BLOG\/?p=743#article\",\"isPartOf\":{\"@id\":\"https:\/\/cabinet-jpt.com\/BLOG\/?p=743\"},\"author\":{\"name\":\"blogjpt\",\"@id\":\"https:\/\/cabinet-jpt.com\/BLOG\/#\/schema\/person\/ecde2d3555cc43b2de221bf9a98862c8\"},\"headline\":\"QVCT et risques psychosociaux : pourquoi les confondre ralentit les \u00e9tablissements\",\"datePublished\":\"2025-11-27T09:21:39+00:00\",\"dateModified\":\"2025-11-27T09:22:00+00:00\",\"mainEntityOfPage\":{\"@id\":\"https:\/\/cabinet-jpt.com\/BLOG\/?p=743\"},\"wordCount\":1519,\"commentCount\":0,\"publisher\":{\"@id\":\"https:\/\/cabinet-jpt.com\/BLOG\/#organization\"},\"articleSection\":[\"Qualit\u00e9 de vie au travail (QVT)\",\"Risques Psycho-sociaux\"],\"inLanguage\":\"fr-FR\",\"potentialAction\":[{\"@type\":\"CommentAction\",\"name\":\"Comment\",\"target\":[\"https:\/\/cabinet-jpt.com\/BLOG\/?p=743#respond\"]}]},{\"@type\":\"WebPage\",\"@id\":\"https:\/\/cabinet-jpt.com\/BLOG\/?p=743\",\"url\":\"https:\/\/cabinet-jpt.com\/BLOG\/?p=743\",\"name\":\"QVCT et risques psychosociaux : pourquoi les confondre ralentit les \u00e9tablissements - BLOG\",\"isPartOf\":{\"@id\":\"https:\/\/cabinet-jpt.com\/BLOG\/#website\"},\"datePublished\":\"2025-11-27T09:21:39+00:00\",\"dateModified\":\"2025-11-27T09:22:00+00:00\",\"description\":\"QVCT et risques psychosociaux : pourquoi les confondre ralentit les \u00e9tablissements, deux d\u00e9marches sont compl\u00e9mentaires, pas interchangeables\",\"breadcrumb\":{\"@id\":\"https:\/\/cabinet-jpt.com\/BLOG\/?p=743#breadcrumb\"},\"inLanguage\":\"fr-FR\",\"potentialAction\":[{\"@type\":\"ReadAction\",\"target\":[\"https:\/\/cabinet-jpt.com\/BLOG\/?p=743\"]}]},{\"@type\":\"BreadcrumbList\",\"@id\":\"https:\/\/cabinet-jpt.com\/BLOG\/?p=743#breadcrumb\",\"itemListElement\":[{\"@type\":\"ListItem\",\"position\":1,\"name\":\"Accueil\",\"item\":\"https:\/\/cabinet-jpt.com\/BLOG\"},{\"@type\":\"ListItem\",\"position\":2,\"name\":\"QVCT et risques psychosociaux : pourquoi les confondre ralentit les \u00e9tablissements\"}]},{\"@type\":\"WebSite\",\"@id\":\"https:\/\/cabinet-jpt.com\/BLOG\/#website\",\"url\":\"https:\/\/cabinet-jpt.com\/BLOG\/\",\"name\":\"BLOG\",\"description\":\"\",\"publisher\":{\"@id\":\"https:\/\/cabinet-jpt.com\/BLOG\/#organization\"},\"potentialAction\":[{\"@type\":\"SearchAction\",\"target\":{\"@type\":\"EntryPoint\",\"urlTemplate\":\"https:\/\/cabinet-jpt.com\/BLOG\/?s={search_term_string}\"},\"query-input\":{\"@type\":\"PropertyValueSpecification\",\"valueRequired\":true,\"valueName\":\"search_term_string\"}}],\"inLanguage\":\"fr-FR\"},{\"@type\":\"Organization\",\"@id\":\"https:\/\/cabinet-jpt.com\/BLOG\/#organization\",\"name\":\"Cabinet Jean-Philippe Toutut Consultants\",\"url\":\"https:\/\/cabinet-jpt.com\/BLOG\/\",\"logo\":{\"@type\":\"ImageObject\",\"inLanguage\":\"fr-FR\",\"@id\":\"https:\/\/cabinet-jpt.com\/BLOG\/#\/schema\/logo\/image\/\",\"url\":\"https:\/\/cabinet-jpt.com\/BLOG\/wp-content\/uploads\/2019\/10\/LogoJp-e1533578331213.png\",\"contentUrl\":\"https:\/\/cabinet-jpt.com\/BLOG\/wp-content\/uploads\/2019\/10\/LogoJp-e1533578331213.png\",\"width\":156,\"height\":140,\"caption\":\"Cabinet Jean-Philippe Toutut Consultants\"},\"image\":{\"@id\":\"https:\/\/cabinet-jpt.com\/BLOG\/#\/schema\/logo\/image\/\"},\"sameAs\":[\"https:\/\/www.facebook.com\/CabinetJPTconsultants\",\"https:\/\/x.com\/JeanToutut\",\"https:\/\/www.pinterest.es\/CabinetJPTC\"]},{\"@type\":\"Person\",\"@id\":\"https:\/\/cabinet-jpt.com\/BLOG\/#\/schema\/person\/ecde2d3555cc43b2de221bf9a98862c8\",\"name\":\"blogjpt\",\"image\":{\"@type\":\"ImageObject\",\"inLanguage\":\"fr-FR\",\"@id\":\"https:\/\/secure.gravatar.com\/avatar\/cd755de689901b5fa62ef49013cb4333f49f3b1bb35f01ecc7cf6c0f4a7b5ef9?s=96&d=mm&r=g\",\"url\":\"https:\/\/secure.gravatar.com\/avatar\/cd755de689901b5fa62ef49013cb4333f49f3b1bb35f01ecc7cf6c0f4a7b5ef9?s=96&d=mm&r=g\",\"contentUrl\":\"https:\/\/secure.gravatar.com\/avatar\/cd755de689901b5fa62ef49013cb4333f49f3b1bb35f01ecc7cf6c0f4a7b5ef9?s=96&d=mm&r=g\",\"caption\":\"blogjpt\"},\"url\":\"https:\/\/cabinet-jpt.com\/BLOG\/?author=1\"}]}<\/script>\n<!-- \/ Yoast SEO plugin. -->","yoast_head_json":{"title":"QVCT et risques psychosociaux : pourquoi les confondre ralentit les \u00e9tablissements - BLOG","description":"QVCT et risques psychosociaux : pourquoi les confondre ralentit les \u00e9tablissements, deux d\u00e9marches sont compl\u00e9mentaires, pas interchangeables","robots":{"index":"index","follow":"follow","max-snippet":"max-snippet:-1","max-image-preview":"max-image-preview:large","max-video-preview":"max-video-preview:-1"},"canonical":"https:\/\/cabinet-jpt.com\/BLOG\/?p=743","og_locale":"fr_FR","og_type":"article","og_title":"QVCT et risques psychosociaux : pourquoi les confondre ralentit les \u00e9tablissements - BLOG","og_description":"QVCT et risques psychosociaux : pourquoi les confondre ralentit les \u00e9tablissements, deux d\u00e9marches sont compl\u00e9mentaires, pas interchangeables","og_url":"https:\/\/cabinet-jpt.com\/BLOG\/?p=743","og_site_name":"BLOG","article_publisher":"https:\/\/www.facebook.com\/CabinetJPTconsultants","article_published_time":"2025-11-27T09:21:39+00:00","article_modified_time":"2025-11-27T09:22:00+00:00","author":"blogjpt","twitter_card":"summary_large_image","twitter_creator":"@JeanToutut","twitter_site":"@JeanToutut","twitter_misc":{"\u00c9crit par":"blogjpt","Dur\u00e9e de lecture estim\u00e9e":"7 minutes"},"schema":{"@context":"https:\/\/schema.org","@graph":[{"@type":"NewsArticle","@id":"https:\/\/cabinet-jpt.com\/BLOG\/?p=743#article","isPartOf":{"@id":"https:\/\/cabinet-jpt.com\/BLOG\/?p=743"},"author":{"name":"blogjpt","@id":"https:\/\/cabinet-jpt.com\/BLOG\/#\/schema\/person\/ecde2d3555cc43b2de221bf9a98862c8"},"headline":"QVCT et risques psychosociaux : pourquoi les confondre ralentit les \u00e9tablissements","datePublished":"2025-11-27T09:21:39+00:00","dateModified":"2025-11-27T09:22:00+00:00","mainEntityOfPage":{"@id":"https:\/\/cabinet-jpt.com\/BLOG\/?p=743"},"wordCount":1519,"commentCount":0,"publisher":{"@id":"https:\/\/cabinet-jpt.com\/BLOG\/#organization"},"articleSection":["Qualit\u00e9 de vie au travail (QVT)","Risques Psycho-sociaux"],"inLanguage":"fr-FR","potentialAction":[{"@type":"CommentAction","name":"Comment","target":["https:\/\/cabinet-jpt.com\/BLOG\/?p=743#respond"]}]},{"@type":"WebPage","@id":"https:\/\/cabinet-jpt.com\/BLOG\/?p=743","url":"https:\/\/cabinet-jpt.com\/BLOG\/?p=743","name":"QVCT et risques psychosociaux : pourquoi les confondre ralentit les \u00e9tablissements - BLOG","isPartOf":{"@id":"https:\/\/cabinet-jpt.com\/BLOG\/#website"},"datePublished":"2025-11-27T09:21:39+00:00","dateModified":"2025-11-27T09:22:00+00:00","description":"QVCT et risques psychosociaux : pourquoi les confondre ralentit les \u00e9tablissements, deux d\u00e9marches sont compl\u00e9mentaires, pas interchangeables","breadcrumb":{"@id":"https:\/\/cabinet-jpt.com\/BLOG\/?p=743#breadcrumb"},"inLanguage":"fr-FR","potentialAction":[{"@type":"ReadAction","target":["https:\/\/cabinet-jpt.com\/BLOG\/?p=743"]}]},{"@type":"BreadcrumbList","@id":"https:\/\/cabinet-jpt.com\/BLOG\/?p=743#breadcrumb","itemListElement":[{"@type":"ListItem","position":1,"name":"Accueil","item":"https:\/\/cabinet-jpt.com\/BLOG"},{"@type":"ListItem","position":2,"name":"QVCT et risques psychosociaux : pourquoi les confondre ralentit les \u00e9tablissements"}]},{"@type":"WebSite","@id":"https:\/\/cabinet-jpt.com\/BLOG\/#website","url":"https:\/\/cabinet-jpt.com\/BLOG\/","name":"BLOG","description":"","publisher":{"@id":"https:\/\/cabinet-jpt.com\/BLOG\/#organization"},"potentialAction":[{"@type":"SearchAction","target":{"@type":"EntryPoint","urlTemplate":"https:\/\/cabinet-jpt.com\/BLOG\/?s={search_term_string}"},"query-input":{"@type":"PropertyValueSpecification","valueRequired":true,"valueName":"search_term_string"}}],"inLanguage":"fr-FR"},{"@type":"Organization","@id":"https:\/\/cabinet-jpt.com\/BLOG\/#organization","name":"Cabinet Jean-Philippe Toutut Consultants","url":"https:\/\/cabinet-jpt.com\/BLOG\/","logo":{"@type":"ImageObject","inLanguage":"fr-FR","@id":"https:\/\/cabinet-jpt.com\/BLOG\/#\/schema\/logo\/image\/","url":"https:\/\/cabinet-jpt.com\/BLOG\/wp-content\/uploads\/2019\/10\/LogoJp-e1533578331213.png","contentUrl":"https:\/\/cabinet-jpt.com\/BLOG\/wp-content\/uploads\/2019\/10\/LogoJp-e1533578331213.png","width":156,"height":140,"caption":"Cabinet Jean-Philippe Toutut Consultants"},"image":{"@id":"https:\/\/cabinet-jpt.com\/BLOG\/#\/schema\/logo\/image\/"},"sameAs":["https:\/\/www.facebook.com\/CabinetJPTconsultants","https:\/\/x.com\/JeanToutut","https:\/\/www.pinterest.es\/CabinetJPTC"]},{"@type":"Person","@id":"https:\/\/cabinet-jpt.com\/BLOG\/#\/schema\/person\/ecde2d3555cc43b2de221bf9a98862c8","name":"blogjpt","image":{"@type":"ImageObject","inLanguage":"fr-FR","@id":"https:\/\/secure.gravatar.com\/avatar\/cd755de689901b5fa62ef49013cb4333f49f3b1bb35f01ecc7cf6c0f4a7b5ef9?s=96&d=mm&r=g","url":"https:\/\/secure.gravatar.com\/avatar\/cd755de689901b5fa62ef49013cb4333f49f3b1bb35f01ecc7cf6c0f4a7b5ef9?s=96&d=mm&r=g","contentUrl":"https:\/\/secure.gravatar.com\/avatar\/cd755de689901b5fa62ef49013cb4333f49f3b1bb35f01ecc7cf6c0f4a7b5ef9?s=96&d=mm&r=g","caption":"blogjpt"},"url":"https:\/\/cabinet-jpt.com\/BLOG\/?author=1"}]}},"jetpack_publicize_connections":[],"jetpack_featured_media_url":"","jetpack_sharing_enabled":true,"jetpack_likes_enabled":true,"post_mailing_queue_ids":[],"_links":{"self":[{"href":"https:\/\/cabinet-jpt.com\/BLOG\/index.php?rest_route=\/wp\/v2\/posts\/743","targetHints":{"allow":["GET"]}}],"collection":[{"href":"https:\/\/cabinet-jpt.com\/BLOG\/index.php?rest_route=\/wp\/v2\/posts"}],"about":[{"href":"https:\/\/cabinet-jpt.com\/BLOG\/index.php?rest_route=\/wp\/v2\/types\/post"}],"author":[{"embeddable":true,"href":"https:\/\/cabinet-jpt.com\/BLOG\/index.php?rest_route=\/wp\/v2\/users\/1"}],"replies":[{"embeddable":true,"href":"https:\/\/cabinet-jpt.com\/BLOG\/index.php?rest_route=%2Fwp%2Fv2%2Fcomments&post=743"}],"version-history":[{"count":-4,"href":"https:\/\/cabinet-jpt.com\/BLOG\/index.php?rest_route=\/wp\/v2\/posts\/743\/revisions"}],"wp:attachment":[{"href":"https:\/\/cabinet-jpt.com\/BLOG\/index.php?rest_route=%2Fwp%2Fv2%2Fmedia&parent=743"}],"wp:term":[{"taxonomy":"category","embeddable":true,"href":"https:\/\/cabinet-jpt.com\/BLOG\/index.php?rest_route=%2Fwp%2Fv2%2Fcategories&post=743"},{"taxonomy":"post_tag","embeddable":true,"href":"https:\/\/cabinet-jpt.com\/BLOG\/index.php?rest_route=%2Fwp%2Fv2%2Ftags&post=743"}],"curies":[{"name":"wp","href":"https:\/\/api.w.org\/{rel}","templated":true}]}}